{"id":6879,"date":"2021-06-14T08:56:12","date_gmt":"2021-06-14T08:56:12","guid":{"rendered":"http:\/\/www.farecentronews.com\/?p=6879"},"modified":"2021-06-14T08:56:13","modified_gmt":"2021-06-14T08:56:13","slug":"i-giardini-della-filarmonica-torna-il-festival-estivo-dellaccademia-filarmonica-romana","status":"publish","type":"post","link":"https:\/\/www.farecentronews.com\/?p=6879","title":{"rendered":"I Giardini della Filarmonica. Torna il Festival estivo dell&#8217;Accademia Filarmonica Romana"},"content":{"rendered":"\n<div class=\"wp-block-image\"><figure class=\"alignleft size-large is-resized\"><a href=\"http:\/\/www.farecentronews.com\/wp-content\/uploads\/2021\/06\/3_Leonardo-e-Cristina-Elias.jpg\"><img loading=\"lazy\" decoding=\"async\" src=\"http:\/\/www.farecentronews.com\/wp-content\/uploads\/2021\/06\/3_Leonardo-e-Cristina-Elias.jpg\" alt=\"\" class=\"wp-image-6882\" width=\"474\" height=\"314\" srcset=\"https:\/\/www.farecentronews.com\/wp-content\/uploads\/2021\/06\/3_Leonardo-e-Cristina-Elias.jpg 600w, https:\/\/www.farecentronews.com\/wp-content\/uploads\/2021\/06\/3_Leonardo-e-Cristina-Elias-300x199.jpg 300w, https:\/\/www.farecentronews.com\/wp-content\/uploads\/2021\/06\/3_Leonardo-e-Cristina-Elias-120x78.jpg 120w\" sizes=\"auto, (max-width: 474px) 100vw, 474px\" \/><\/a><\/figure><\/div>\n\n\n\n<p class=\"wp-block-paragraph\">Dopo tanta attesa ecco di nuovo il nutritissimo programma de <strong>I Giardini della Filarmonica<\/strong> a partire dal 13 Giugnocon il tema <strong>Musica da Amare<\/strong>,presso i giardini dell&#8217;<strong>Accademia Filarmonica Romana<\/strong> e nella Sala Casella di Via Flaminia 118.<em> \u201cUn omaggio alle tante anime dell\u2019Accademia Filarmonica Romana nell\u2019anno che segna il suo bicentenario\u201d<\/em> \u00e8 la specificazione del Direttore Artistico <strong>Andrea Lucchesini<\/strong> per questa edizione 2021, pi\u00f9 che mai ricca di cultura, arte, musica, danza e giovani talenti. Numerose le iniziative contenute nel programma, fra le quali intanto i concerti di musica da camera programmati lo scorso autunno al Teatro Argentina (e sospesi per l\u2019emergenza) che ora trovano spazio nei Giardini: Giovanni Sollima e Giuseppe Andaloro il 14 inaugurano proprio una serata speciale per i 200 anni della Filarmonica. Poi, essendo l&#8217;Accademia in origine una associazione di appassionati e virtuosi \u201cdilettanti di musica\u201d, ecco le esibizioni di amatori, musicisti, medici e avvocati per quattro concerti di <strong>MusicAmata<\/strong>. Inoltre editoria, note e letteratura con l\u2019<strong>Associazione Fabrica<\/strong> e un omaggio a <strong>don Pablo Colino<\/strong> che, dopo 61 anni di direzione, lascia la guida del Coro dell\u2019Accademia. Ma le sorprese non sono finite: sino al 1\u00b0Luglio, infatti, numerose le chicche per gli amanti dell&#8217;arte. <\/p>\n\n\n\n<div class=\"wp-block-image\"><figure class=\"alignright size-large is-resized\"><a href=\"http:\/\/www.farecentronews.com\/wp-content\/uploads\/2021\/06\/2_TAIKO-TRIO.jpg\"><img loading=\"lazy\" decoding=\"async\" src=\"http:\/\/www.farecentronews.com\/wp-content\/uploads\/2021\/06\/2_TAIKO-TRIO.jpg\" alt=\"\" class=\"wp-image-6883\" width=\"429\" height=\"239\" srcset=\"https:\/\/www.farecentronews.com\/wp-content\/uploads\/2021\/06\/2_TAIKO-TRIO.jpg 600w, https:\/\/www.farecentronews.com\/wp-content\/uploads\/2021\/06\/2_TAIKO-TRIO-300x167.jpg 300w\" sizes=\"auto, (max-width: 429px) 100vw, 429px\" \/><\/a><\/figure><\/div>\n\n\n\n<p class=\"wp-block-paragraph\">In particolare sei giornate saranno dedicate alle nazioni ospiti grazie al prezioso supporto di ambasciate, istituti di cultura e associazioni che operano nella capitale: si comincia con il Giappone il 19 con i Taiko-do, primo gruppo italiano di tamburi giapponesi guidato da Rita Superbi; segue il Brasile il 21 Giugno con la pianista Sonia Rubinsky; l&#8217;Argentina il 28 con gli artisti tangueri in Cuartetango, fra i quali Leonardo e Cristina Elias; poi in successione la cultura musicale indiana, irlandese, persian e lituana. E ancora, i concerti di musica contemporanea e i nuovi talenti.Il progetto \u201cI Giardini della Filarmonica\u201d, promosso da Roma Culture, \u00e8 vincitore dell&#8217;Avviso pubblico Estate Romana 2020-2021-2022 curato dal Dipartimento Attivit\u00e0 Culturali ed \u00e8 realizzato in collaborazione con SIAE. <em>(Si ringrazia per le immagini Ufficio Stampa Accademia Filarmonica Romana: in apertura, Naomi Berril; a seguire: Taiko Trio; Leonardo e Cristina Elias)<\/em><br><strong><em>Dal 13 giugno al 1\u00b0 luglio 2021<\/em><\/strong><br><strong>I Giardini della Filarmonica: Musica da Amare<\/strong><br>Giardini e Sala Casella dell\u2019Accademia Filarmonica Romana<br>Programma al link:<strong> <a href=\"http:\/\/www.filarmonicaromana.org\/\">www.filarmonicaromana.org<\/a><\/strong><br>Biglietti: singolo concerto 10 euro (pi\u00f9 diritto di prevendita), ad eccezione di Sollima_Andaloro (14\/6), Alla ricerca di Orfeo (27\/6), Le Stagioni\/I Solisti Aquilani (1\/7) 23 euro (pi\u00f9 diritto di prevendita). Ingresso libero per gli incontri in Sala Casella della giornata Iran, e la tavola rotonda MusicAmata.<br>Si raccomanda la prenotazione e l\u2019acquisto on line su filarmonicaromana.org.<br>Presso la Sala Casella la biglietteria apre un\u2019ora prima del concerto.<br>Gli ingressi avverranno nel rispetto delle disposizioni anti Covid.<\/p>\n","protected":false},"excerpt":{"rendered":"<p>Dopo tanta attesa ecco di nuovo il nutritissimo programma de I Giardini della Filarmonica a partire dal 13 Giugnocon il tema Musica da Amare,presso i giardini dell&#8217;Accademia Filarmonica Romana e nella Sala Casella di Via Flaminia 118. \u201cUn omaggio alle tante anime dell\u2019Accademia Filarmonica Romana nell\u2019anno che segna il suo bicentenario\u201d \u00e8 la specificazione del [&hellip;]<\/p>\n","protected":false},"author":5,"featured_media":6881,"comment_status":"closed","ping_status":"closed","sticky":false,"template":"","format":"standard","meta":{"footnotes":""},"categories":[32],"tags":[2012,3465,3462,86,3463,3466],"class_list":["post-6879","post","type-post","status-publish","format-standard","has-post-thumbnail","hentry","category-concerti","tag-accademia-filarmonica-romana","tag-associazione-fabrica-2","tag-i-giardini-della-filarmonica","tag-in-evidenza","tag-musica-da-amare","tag-taiko-trio"],"_links":{"self":[{"href":"https:\/\/www.farecentronews.com\/index.php?rest_route=\/wp\/v2\/posts\/6879","targetHints":{"allow":["GET"]}}],"collection":[{"href":"https:\/\/www.farecentronews.com\/index.php?rest_route=\/wp\/v2\/posts"}],"about":[{"href":"https:\/\/www.farecentronews.com\/index.php?rest_route=\/wp\/v2\/types\/post"}],"author":[{"embeddable":true,"href":"https:\/\/www.farecentronews.com\/index.php?rest_route=\/wp\/v2\/users\/5"}],"replies":[{"embeddable":true,"href":"https:\/\/www.farecentronews.com\/index.php?rest_route=%2Fwp%2Fv2%2Fcomments&post=6879"}],"version-history":[{"count":2,"href":"https:\/\/www.farecentronews.com\/index.php?rest_route=\/wp\/v2\/posts\/6879\/revisions"}],"predecessor-version":[{"id":6884,"href":"https:\/\/www.farecentronews.com\/index.php?rest_route=\/wp\/v2\/posts\/6879\/revisions\/6884"}],"wp:featuredmedia":[{"embeddable":true,"href":"https:\/\/www.farecentronews.com\/index.php?rest_route=\/wp\/v2\/media\/6881"}],"wp:attachment":[{"href":"https:\/\/www.farecentronews.com\/index.php?rest_route=%2Fwp%2Fv2%2Fmedia&parent=6879"}],"wp:term":[{"taxonomy":"category","embeddable":true,"href":"https:\/\/www.farecentronews.com\/index.php?rest_route=%2Fwp%2Fv2%2Fcategories&post=6879"},{"taxonomy":"post_tag","embeddable":true,"href":"https:\/\/www.farecentronews.com\/index.php?rest_route=%2Fwp%2Fv2%2Ftags&post=6879"}],"curies":[{"name":"wp","href":"https:\/\/api.w.org\/{rel}","templated":true}]}}