{"id":6840,"date":"2021-05-28T10:04:27","date_gmt":"2021-05-28T10:04:27","guid":{"rendered":"http:\/\/www.farecentronews.com\/?p=6840"},"modified":"2021-05-28T10:04:28","modified_gmt":"2021-05-28T10:04:28","slug":"si-puo-fare-la-stagione-estiva-apre-nella-cavea-dellauditorium-a-roma","status":"publish","type":"post","link":"https:\/\/www.farecentronews.com\/?p=6840","title":{"rendered":"Si pu\u00f2 Fare! La stagione estiva apre nella Cavea dell&#8217;Auditorium a Roma"},"content":{"rendered":"\n<div class=\"wp-block-image\"><figure class=\"alignleft size-large is-resized\"><a href=\"http:\/\/www.farecentronews.com\/wp-content\/uploads\/2021\/05\/Emma_2021_foto-di-Bianca-Bu.jpg\"><img loading=\"lazy\" decoding=\"async\" src=\"http:\/\/www.farecentronews.com\/wp-content\/uploads\/2021\/05\/Emma_2021_foto-di-Bianca-Bu.jpg\" alt=\"\" class=\"wp-image-6844\" width=\"350\" height=\"482\" srcset=\"https:\/\/www.farecentronews.com\/wp-content\/uploads\/2021\/05\/Emma_2021_foto-di-Bianca-Bu.jpg 600w, https:\/\/www.farecentronews.com\/wp-content\/uploads\/2021\/05\/Emma_2021_foto-di-Bianca-Bu-218x300.jpg 218w\" sizes=\"auto, (max-width: 350px) 100vw, 350px\" \/><\/a><figcaption>Emma<\/figcaption><\/figure><\/div>\n\n\n\n<p class=\"wp-block-paragraph\">L&#8217;Arte riparte! Con un cartellone particolarmente ricco di appuntamenti programmati da giugno a settembre sotto le stelle del cielo di Roma dalla <strong>Fondazione Musica per Roma<\/strong>, nella <strong>Cavea dell\u2019Auditorium Parco della Musica \u201cEnnio Morricone\u201d<\/strong>. Ad aprire la stagione, <strong>Latte e i suoi Derivati<\/strong> e poi ben 66 eventi tutte le sere, fra musica, cultura e festival per tutti i gusti.<\/p>\n\n\n\n<p class=\"wp-block-paragraph\">\u201c<em>Si pu\u00f2 fare!<\/em> <em>\u00e8 esattamente quello che la scena musicale italiana e tutto il mondo della cultura, in cos\u00ec grave sofferenza durante questi mesi, vuole dimostrare<\/em> &#8211; commenta l\u2019Ad della Fondazione Musica per Roma,<strong> Daniele Pitt\u00e9ri<\/strong> &#8211; <em>Ripartiamo con la speranza che solo la musica, l\u2019arte tutta sa regalare nella splendida cornice della cavea dove tutti i concerti avverranno nel pieno rispetto delle norme vigenti\u201d<\/em>. \u201c<em>Nel mondo post-pandemia<\/em> \u2013 ha sottolineato il Presidente della Camera di commercio di Roma <strong>Lorenzo Tagliavanti<\/strong> &#8211; <em>il valore della cultura, per le persone e per la societ\u00e0, \u00e8 destinato ad avere un peso pi\u00f9 importante. Ma, insieme alla sua funzione sociale, la cultura rappresenta un potente volano di sviluppo economico: secondo l\u2019analisi riportata nel rapporto Io sono cultura 2020 di Fondazione Symbola e Unioncamere, il Sistema produttivo culturale e creativo, a Roma, genera l\u20198,7% del Valore aggiunto totale (a fronte di una media italiana del 5,7%)\u201d. (foto courtesy of Fondazione Musica per Roma_Ufficio Stampa: in apertura, Fiorella Mannoia sul palco; un bel posato di Christian De Sica; Emma, ph_Bianca Burgo_ Fortuna Live 2021).<\/em><\/p>\n\n\n\n<p class=\"wp-block-paragraph\"><strong>Auditorium Parco della Musica \u201cEnnio Morricone\u201d<\/strong><br>Via Pietro de Coubertin, 30 &#8211; Roma<br><strong>info: 06802411<\/strong><br><a href=\"http:\/\/www.auditorium.com\/\"><strong>www.auditorium.com<\/strong><\/a><\/p>\n\n\n\n<div class=\"wp-block-image\"><figure class=\"alignright size-large is-resized\"><a href=\"http:\/\/www.farecentronews.com\/wp-content\/uploads\/2021\/05\/Christian-De-Sica.jpg\"><img loading=\"lazy\" decoding=\"async\" src=\"http:\/\/www.farecentronews.com\/wp-content\/uploads\/2021\/05\/Christian-De-Sica.jpg\" alt=\"\" class=\"wp-image-6845\" width=\"349\" height=\"446\" srcset=\"https:\/\/www.farecentronews.com\/wp-content\/uploads\/2021\/05\/Christian-De-Sica.jpg 600w, https:\/\/www.farecentronews.com\/wp-content\/uploads\/2021\/05\/Christian-De-Sica-235x300.jpg 235w\" sizes=\"auto, (max-width: 349px) 100vw, 349px\" \/><\/a><\/figure><\/div>\n\n\n\n<p class=\"wp-block-paragraph\"><strong>Si pu\u00f2 fare! Il Cartellone<\/strong><br>Si comincia l\u20198 giugno con <strong>Lillo<\/strong> <strong>e<\/strong> <strong>Greg<\/strong>, irresistibili frontmen dei <strong>Latte e i suoi Derivati <\/strong>e poi con lo spettacolo Emozioni 3 con <strong>Mogol<\/strong> e <strong>Giammarco<\/strong> <strong>Carroccia<\/strong> (10\/6). Imperdibili.<br>Tra i grandi protagonisti della musica d\u2019autore <strong>Sergio Cammariere<\/strong> (22\/06), <strong>Edoardo<\/strong> <strong>Bennato<\/strong> (23\/06), <strong>Niccol\u00f2<\/strong> <strong>Fabi<\/strong> (24 e 25\/06), <strong>Roberto<\/strong> <strong>Angelini<\/strong> e <strong>Paolo<\/strong> <strong>Benvegn\u00f9<\/strong> (28\/06), <strong>Gigi<\/strong> <strong>D\u2019Alessio<\/strong> (9\/07), <strong>Umberto<\/strong> <strong>Tozzi<\/strong> (13\/07), <strong>Fiorella<\/strong> <strong>Mannoia<\/strong> (24 e 25\/07), <strong>Gino<\/strong> <strong>Paoli<\/strong> <strong>e<\/strong> <strong>Orchestra<\/strong> (12\/07), <strong>Colapesce Paolo Fresu<\/strong><\/p>\n\n\n\n<p class=\"wp-block-paragraph\">Stefano Bollani Trio<strong>Dimartino<\/strong> (26 e 27\/07), <strong>Max<\/strong> <strong>Gazz\u00e9<\/strong> (30 e 31\/07), <strong>Luca<\/strong> <strong>Barbarossa<\/strong> (4\/09), <strong>Motta<\/strong> (10\/09).<br>Tra le voci pop rock pi\u00f9 amate di oggi <strong>Emma<\/strong> (18 e19\/6), <strong>Fabrizio<\/strong> <strong>Moro<\/strong> (2 e 3\/07), <strong>Piero<\/strong> <strong>Pel\u00f9<\/strong> (19\/07), <strong>Nek<\/strong> (23\/07), <strong>Lo<\/strong> <strong>Stato<\/strong> <strong>Sociale<\/strong> (8\/08), <strong>The<\/strong> <strong>Zen Circus<\/strong> (8\/09).<br>Molti rappresentanti dell\u2019indie e alternative pop rock come <strong>Myss<\/strong> <strong>Keta<\/strong> (21\/06), <strong>Tre<\/strong> <strong>Allegri<\/strong> <strong>Ragazzi<\/strong> <strong>Morti<\/strong> (3\/08), <strong>Francesco<\/strong> <strong>Bianconi<\/strong> (4\/08), <strong>La<\/strong> <strong>Rappresentante<\/strong> <strong>di<\/strong> <strong>Lista<\/strong> (7\/09).<br>Tra gli artisti pi\u00f9 amati e seguiti dai giovani <strong>Ghemon<\/strong>(8\/07), <strong>Venerus<\/strong> (10\/07), <strong>Dardust<\/strong> (11 luglio), <strong>Mecna<\/strong> (26\/06) <strong>Willie<\/strong> <strong>Peyote<\/strong> (24\/08), <strong>Coma_Cose<\/strong> (27\/08) e <strong>Ariete<\/strong> (27\/09).<br>Le contaminazioni della musica popolare e world non mancheranno nei concerti di <strong>NCCP<\/strong> (15\/06), <strong>L\u2019Orchestraccia<\/strong> (27\/06), <strong>James Senese Napoli Centrale <\/strong>(29\/06), <strong>Noa<\/strong> (23\/08), Il <strong>Muro<\/strong> <strong>del<\/strong> <strong>Canto<\/strong> (26\/8).<br>Molti gli spettacoli tributo e originali tra musica e narrazione: <strong>The Beatbox e Carlo Massarini <\/strong>(17\/06), <strong>Nicola<\/strong> <strong>Piovani<\/strong> (18\/07), <strong>Christian<\/strong> <strong>De Sica <\/strong>(1\/08) <strong>Pink Floyd Legend <\/strong>(7\/08).<br>Due le reunion molto attese prodotte in esclusiva per la rassegna: quella degli <strong>Almamegretta<\/strong> (14\/06) e quella del <strong>PAF<\/strong> <strong>Trio<\/strong>, <strong>Paolo<\/strong> <strong>Fresu<\/strong>, <strong>Antonello<\/strong> <strong>Salis<\/strong> e <strong>Furio<\/strong> <strong>Di<\/strong> <strong>Castri<\/strong> (11\/09).<br>Infine, il grande jazz e le sue contaminazioni con <strong>Paolo<\/strong> <strong>Fresu<\/strong> (20\/07), <strong>Calibro<\/strong> <strong>35<\/strong> (2\/08), <strong>Robben<\/strong> <strong>Ford<\/strong> <strong>and<\/strong> <strong>Bill<\/strong> <strong>Evans<\/strong> (5\/07), <strong>Stefano Bollani Trio<\/strong> (25\/8), <strong>Snarky Puppy<\/strong> (3\/09).<\/p>\n","protected":false},"excerpt":{"rendered":"<p>L&#8217;Arte riparte! Con un cartellone particolarmente ricco di appuntamenti programmati da giugno a settembre sotto le stelle del cielo di Roma dalla Fondazione Musica per Roma, nella Cavea dell\u2019Auditorium Parco della Musica \u201cEnnio Morricone\u201d. Ad aprire la stagione, Latte e i suoi Derivati e poi ben 66 eventi tutte le sere, fra musica, cultura e [&hellip;]<\/p>\n","protected":false},"author":5,"featured_media":6842,"comment_status":"closed","ping_status":"closed","sticky":false,"template":"","format":"standard","meta":{"footnotes":""},"categories":[32,5],"tags":[77,3440,3441,2240,86,3439,3284,3442],"class_list":["post-6840","post","type-post","status-publish","format-standard","has-post-thumbnail","hentry","category-concerti","category-musica-spettacolo","tag-auditorium-parco-della-musica","tag-cammariere","tag-edoardo-bennato-2","tag-gino-paoli","tag-in-evidenza","tag-lillo-e-greg","tag-paolo-fresu","tag-stefano-bollani-trio"],"_links":{"self":[{"href":"https:\/\/www.farecentronews.com\/index.php?rest_route=\/wp\/v2\/posts\/6840","targetHints":{"allow":["GET"]}}],"collection":[{"href":"https:\/\/www.farecentronews.com\/index.php?rest_route=\/wp\/v2\/posts"}],"about":[{"href":"https:\/\/www.farecentronews.com\/index.php?rest_route=\/wp\/v2\/types\/post"}],"author":[{"embeddable":true,"href":"https:\/\/www.farecentronews.com\/index.php?rest_route=\/wp\/v2\/users\/5"}],"replies":[{"embeddable":true,"href":"https:\/\/www.farecentronews.com\/index.php?rest_route=%2Fwp%2Fv2%2Fcomments&post=6840"}],"version-history":[{"count":3,"href":"https:\/\/www.farecentronews.com\/index.php?rest_route=\/wp\/v2\/posts\/6840\/revisions"}],"predecessor-version":[{"id":6846,"href":"https:\/\/www.farecentronews.com\/index.php?rest_route=\/wp\/v2\/posts\/6840\/revisions\/6846"}],"wp:featuredmedia":[{"embeddable":true,"href":"https:\/\/www.farecentronews.com\/index.php?rest_route=\/wp\/v2\/media\/6842"}],"wp:attachment":[{"href":"https:\/\/www.farecentronews.com\/index.php?rest_route=%2Fwp%2Fv2%2Fmedia&parent=6840"}],"wp:term":[{"taxonomy":"category","embeddable":true,"href":"https:\/\/www.farecentronews.com\/index.php?rest_route=%2Fwp%2Fv2%2Fcategories&post=6840"},{"taxonomy":"post_tag","embeddable":true,"href":"https:\/\/www.farecentronews.com\/index.php?rest_route=%2Fwp%2Fv2%2Ftags&post=6840"}],"curies":[{"name":"wp","href":"https:\/\/api.w.org\/{rel}","templated":true}]}}