{"id":6826,"date":"2021-05-24T14:51:02","date_gmt":"2021-05-24T14:51:02","guid":{"rendered":"http:\/\/www.farecentronews.com\/?p=6826"},"modified":"2021-05-24T14:51:03","modified_gmt":"2021-05-24T14:51:03","slug":"collezione-fiocco-estate-2021-la-donna-di-vittorio-camaiani-si-svela-a-palazzo-colonna","status":"publish","type":"post","link":"https:\/\/www.farecentronews.com\/?p=6826","title":{"rendered":"Collezione Fiocco Estate 2021. La donna di Vittorio Camaiani si svela a Palazzo Colonna"},"content":{"rendered":"\n<div class=\"wp-block-image\"><figure class=\"alignleft size-large is-resized\"><a href=\"http:\/\/www.farecentronews.com\/wp-content\/uploads\/2021\/05\/2_COMPOSIT.jpg\"><img loading=\"lazy\" decoding=\"async\" src=\"http:\/\/www.farecentronews.com\/wp-content\/uploads\/2021\/05\/2_COMPOSIT.jpg\" alt=\"\" class=\"wp-image-6829\" width=\"446\" height=\"446\" srcset=\"https:\/\/www.farecentronews.com\/wp-content\/uploads\/2021\/05\/2_COMPOSIT.jpg 600w, https:\/\/www.farecentronews.com\/wp-content\/uploads\/2021\/05\/2_COMPOSIT-300x300.jpg 300w, https:\/\/www.farecentronews.com\/wp-content\/uploads\/2021\/05\/2_COMPOSIT-150x150.jpg 150w\" sizes=\"auto, (max-width: 446px) 100vw, 446px\" \/><\/a><\/figure><\/div>\n\n\n\n<p class=\"wp-block-paragraph\">\u00c8 un abbraccio d&#8217;amore che corre lungo un abito in lino. \u00c8 un nodo di cordoncino a esaltare il punto vita. \u00c8 un dettaglio che cinge le caviglie sui pantaloni fluidi. \u00c8 un motivo in contrasto che parte dalle spalline e giunge sino ai sandali intrecciati. \u00c8 la <strong>Collezione Fiocco Estate 2021<\/strong> di <strong>Vittorio Camaiani<\/strong>, presentata nel <em>petit defil\u00e9<\/em> di Domenica 23 presso la <strong>Coffee House di Palazzo Colonna<\/strong>, al 67 di Piazza SS.Apostoli. Un inno alla femminilit\u00e0 e all&#8217;eleganza sussurrata, all&#8217;equilibrio e alla bellezza sottolineata dalle sublimi note di Vivaldi, che accompagnano leggere tutta la sfilata come un<em> trait d&#8217;union <\/em>armonico. Ed ecco le jumpsuit in morbido jeans, gli abiti a trapezio, i pantaloni cropped, le maxi gonne gipsy, i minidress le cui ampie maniche diventano baschina, le gonne mimetiche e gli abiti lunghi con morbido orlo a palloncino. Il tutto in un mix di tessuti e accessori in perfetto equilibrio estetico: seta, organza, lino, cotone, tessuti baiadera, passamanerie e ricami in perline, applicazioni in rafia, bracciali in plexi e legno, sandali ultraflat o tacco 15, ballerine a punta. La palette dei colori \u00e8 sobria, con tinte polverose e punti luce in contrasto: rosa, lilla, bianco calla, verde pistacchio o color smeraldo, marrone e crema, rosso amaranto, beige, quasi a dialogare con gli affreschi della volta fra presente, passato e futuro della Moda. Un senso delle proporzioni che solo lo Stilista sa calibrare ad arte, con l&#8217;abilit\u00e0 sartoriale tipica del<em> Made in Italy<\/em> e che traspare nei dettagli di deliziose manichine ad ali di farfalla, nei fiocchi posti in punti strategici, negli accessori moderni, negli obl\u00f2 sulla schiena. E al centro della sala, la collezione di fiocchi, velette e guanti vintage &#8211; donata <em>dal figlio di Emanuela di Castelbarco, nipote di Arturo Toscanini e figlia di Wally, recentemente scomparsa &#8211;<\/em>elemento di ispirazione per l&#8217;<em>incipit<\/em> della sfilata. Altrove i bozzetti originali dello Stilista, dove emerge tutta la creativit\u00e0 di Vittorio fatta di gesti leggeri e raffinati. E mentre ammiriamo gli abiti, si scopre un&#8217;idea di donna elegante, misurata che ama il particolare chic senza eccessi: una femminilit\u00e0 vera che traspare da ogni abito cos\u00ec come sognato da Vittorio nel suo Atelier. Perch\u00e9 <em>\u201cla Moda \u00e8 dire qualcosa prima della parola\u201d.<\/em><br><em>(ph_Marina De Benedictis, tutti i diritti riservati: in apertura, i bozzetti originali di Vittorio Camaiani per la Collezione Fiocco; a seguire: un composit fra gli abiti in sfilata e gli affreschi di Francesco Mancini nella volta della Coffee House Palazzo Colonna; in chiusura: i fiocchi e le velette donati dal figlio di Emanuela di Castelbarco)<\/em><\/p>\n\n\n\n<p class=\"wp-block-paragraph\"><a href=\"http:\/\/www.vittoriocamaiani.it\/\"><strong>www.vittoriocamaiani.it<\/strong><\/a><br><a href=\"http:\/\/www.coffeehousecolonna.it\/\"><strong>www.coffeehousecolonna.it<\/strong><\/a><\/p>\n\n\n\n<div class=\"wp-block-image\"><figure class=\"alignright size-large is-resized\"><a href=\"http:\/\/www.farecentronews.com\/wp-content\/uploads\/2021\/05\/3_FIOCCHI-DONATI.jpg\"><img loading=\"lazy\" decoding=\"async\" src=\"http:\/\/www.farecentronews.com\/wp-content\/uploads\/2021\/05\/3_FIOCCHI-DONATI.jpg\" alt=\"\" class=\"wp-image-6830\" width=\"405\" height=\"304\" srcset=\"https:\/\/www.farecentronews.com\/wp-content\/uploads\/2021\/05\/3_FIOCCHI-DONATI.jpg 600w, https:\/\/www.farecentronews.com\/wp-content\/uploads\/2021\/05\/3_FIOCCHI-DONATI-300x225.jpg 300w\" sizes=\"auto, (max-width: 405px) 100vw, 405px\" \/><\/a><\/figure><\/div>\n\n\n\n<p class=\"wp-block-paragraph\"><strong>Vittorio Camaiani_biografia<\/strong><br>Il Poeta della moda, un Artigiano che sa mixare creativit\u00e0, arte, contemporaneit\u00e0 e tradizione nell&#8217;Haute Couture: tutto questo \u00e8 Vittorio Camaiani. Dopo il suo esordio come assistente dello stilista Massimo Fioravanti negli Atelier di Via di Fontanella Borghese a Roma e di Vicolo Crispi a San Benedetto del Tronto, nei primi anni &#8217;90 Vittorio fonda l\u2019etichetta <em>Vittorio Camaiani <\/em>e sviluppa il suo stile personale e una visione dell\u2019eleganza femminile che diventano ben presto il suo marchio distintivo. Tra sete e cachemere, tra lini e batik, la donna Camaiani si distingue per lo stile senza tempo, raffinato e concreto. Se infatti la manifattura impeccabile dei preziosi ricami degli abiti da sera potrebbe riportare il lavoro di Vittorio ai tempi lontani degli atelier di alta moda del passato, la modernit\u00e0 e l\u2019unicit\u00e0 delle sue proposte creative offrono un racconto sofisticato sulla donna di oggi. Dalla collezione dedicata a Magritte, a quella dedicata ad Escher, dall\u2019antico Egitto alla Venezia viscontiana fino al Seicento di Vel\u00e0zquez, la moda di Vittorio \u00e8 sempre una sorpresa. Con la formula degli \u201cAtelier per un giorno\u201d, infine, lo Stilista propone da anni alle sue clienti un\u2019esperienza unica nel suo genere in location di lusso: un modo di incontrare le sue eleganti creazioni che riporta all\u2019atmosfera raffinata degli atelier di moda degli anni Cinquanta.<\/p>\n\n\n\n<p class=\"wp-block-paragraph\"><strong>Vittorio Camaiani Atelier<\/strong><br><strong>tel. 0735 780113<br><a href=\"mailto:vittoriocamaiani@gmail.com\">vittoriocamaiani@gmail.com<\/a><\/strong><\/p>\n","protected":false},"excerpt":{"rendered":"<p>\u00c8 un abbraccio d&#8217;amore che corre lungo un abito in lino. \u00c8 un nodo di cordoncino a esaltare il punto vita. \u00c8 un dettaglio che cinge le caviglie sui pantaloni fluidi. \u00c8 un motivo in contrasto che parte dalle spalline e giunge sino ai sandali intrecciati. \u00c8 la Collezione Fiocco Estate 2021 di Vittorio Camaiani, [&hellip;]<\/p>\n","protected":false},"author":4,"featured_media":6828,"comment_status":"closed","ping_status":"closed","sticky":false,"template":"","format":"standard","meta":{"footnotes":""},"categories":[35,1],"tags":[3435,86,243,1913],"class_list":["post-6826","post","type-post","status-publish","format-standard","has-post-thumbnail","hentry","category-fashion-news","category-moda-shopping","tag-collezione-fiocco-estate-2021","tag-in-evidenza","tag-marina-de-benedictis","tag-vittorio-camaiani"],"_links":{"self":[{"href":"https:\/\/www.farecentronews.com\/index.php?rest_route=\/wp\/v2\/posts\/6826","targetHints":{"allow":["GET"]}}],"collection":[{"href":"https:\/\/www.farecentronews.com\/index.php?rest_route=\/wp\/v2\/posts"}],"about":[{"href":"https:\/\/www.farecentronews.com\/index.php?rest_route=\/wp\/v2\/types\/post"}],"author":[{"embeddable":true,"href":"https:\/\/www.farecentronews.com\/index.php?rest_route=\/wp\/v2\/users\/4"}],"replies":[{"embeddable":true,"href":"https:\/\/www.farecentronews.com\/index.php?rest_route=%2Fwp%2Fv2%2Fcomments&post=6826"}],"version-history":[{"count":2,"href":"https:\/\/www.farecentronews.com\/index.php?rest_route=\/wp\/v2\/posts\/6826\/revisions"}],"predecessor-version":[{"id":6831,"href":"https:\/\/www.farecentronews.com\/index.php?rest_route=\/wp\/v2\/posts\/6826\/revisions\/6831"}],"wp:featuredmedia":[{"embeddable":true,"href":"https:\/\/www.farecentronews.com\/index.php?rest_route=\/wp\/v2\/media\/6828"}],"wp:attachment":[{"href":"https:\/\/www.farecentronews.com\/index.php?rest_route=%2Fwp%2Fv2%2Fmedia&parent=6826"}],"wp:term":[{"taxonomy":"category","embeddable":true,"href":"https:\/\/www.farecentronews.com\/index.php?rest_route=%2Fwp%2Fv2%2Fcategories&post=6826"},{"taxonomy":"post_tag","embeddable":true,"href":"https:\/\/www.farecentronews.com\/index.php?rest_route=%2Fwp%2Fv2%2Ftags&post=6826"}],"curies":[{"name":"wp","href":"https:\/\/api.w.org\/{rel}","templated":true}]}}