{"id":6779,"date":"2021-05-09T10:47:48","date_gmt":"2021-05-09T10:47:48","guid":{"rendered":"http:\/\/www.farecentronews.com\/?p=6779"},"modified":"2021-05-09T18:01:57","modified_gmt":"2021-05-09T18:01:57","slug":"tohoku-day-in-roma-2021-allinsegna-della-buona-musica-e-dei-buoni-sentimenti-di-amicizia-e-solidarieta-italia-giappone","status":"publish","type":"post","link":"https:\/\/www.farecentronews.com\/?p=6779","title":{"rendered":"Tohoku Day in Roma 2021, all&#8217;insegna della buona musica e dei buoni sentimenti di amicizia e solidariet\u00e0 Italia \/Giappone"},"content":{"rendered":"\n<p class=\"wp-block-paragraph\">Si \u00e8 svolto ieri, 8 Maggio, in diretta streaming dalla prestigiosa <em>Sala della Protomoteca in Campidoglio<\/em>, l&#8217;annuale concerto per commemorare le vittime ed i superstiti del terremoto che nel marzo 2011 sconvolse la regione del <strong><em>Tohok<\/em>u<\/strong> in Giappone. Un concerto che l<strong>&#8216;Ambasciata Giapponese<\/strong> e la<strong> m&amp;m mediaservices<\/strong> di <strong>Mayumi Onuki<\/strong> e <strong>Margherita Savarese<\/strong> hanno voluto e realizzato all&#8217;insegna della semplicit\u00e0 affidandone l&#8217;esecuzione a professionisti affiancati da amatori pur sempre di ottimo livello. Come affermato prima dall&#8217;intervento di S.E. l&#8217;Ambasciatore del Giappone in Italia <strong>Hiroshi Oe<\/strong> e ribadito dalla Sindaca di Roma<strong> Virginia Raggi<\/strong>, un legame ultracentenario politico-culturale, oltrech\u00e9 di profonda stima e amicizia lega i nostri due popoli, e l&#8217;Italia \u00e8, e rester\u00e0 sempre vicina al popolo del sol levante ricordando ed aiutando le vittime di Tohoku con sentimenti di solidariet\u00e0 e con aiuti concreti. Il concerto presentava un programma ricco e variegato che comprendeva brani classici e della tradizione popolare giapponese ma anche, a sorpresa, una deliziosa interpretazione di \u201c<em>Kiki, consegne a domicilio<\/em>\u201d che, per quei pochi che non lo sanno, \u00e8 un famoso anime di <strong>Hayao Miyazaki<\/strong> su musiche dell&#8217;immenso <strong>Joe Hisaishi<\/strong>. <\/p>\n\n\n\n<p class=\"wp-block-paragraph\">L&#8217;ambasciatore Oe, vera rivelazione del concerto, ci ha regalato un&#8217;eccellente performance sia in veste di pianista accompagnatore che come solista in una vibrante ed intensa interpretazione di una non facile polacca di Chopin. Non lo sono state da meno le tre pianiste<strong> Yuriko Minoura, Asaki Kurihara<\/strong> e <strong>Carlotta Masci<\/strong> che hanno accompagnato i solisti con estrema precisione contribuendo in maniera determinante alle toccanti esecuzioni di <strong>Alessandro Carbonare<\/strong> (clarinetto),<strong> Marco Saldarelli <\/strong>(violoncello),<strong> Soichi Ichikawa<\/strong> (violino), <strong>Masuo Nishibayashi<\/strong> (violino), <strong>Ayumi Fujii<\/strong> (soprano), <strong>Erika Misumi <\/strong>(mezzosoprano) e \u201cdulcis in fundo\u201d la sempre gradita soprano<strong> Yasko Fujii<\/strong> (habitu\u00e9 dei nostri lettori) che accompagnata eccezionalmente dall&#8217;Ambasciatore Oe ci ha regalato un&#8217;aria dalla Norma di Vincenzo Bellini. Da segnalare la strepitosa esecuzione ai campanelli del duo <strong>A&amp;A Music<\/strong> che hanno eseguito in perfetta sincronia brani della tradizione popolare nipponica. Al termine del concerto, tutti i protagonisti si sono riuniti all&#8217;esterno per intonare in coro <strong>Hana Wa Saku<\/strong> (I fiori fioriranno) che negli anni \u00e8 diventato l&#8217;inno celebrativo delle vittime di Tohoku: un canto di gioia, di fiducia e speranza nella rinascita da un popolo che tutti noi amiamo, ammiriamo e rispettiamo come esempio di tenacia e civilt\u00e0.<\/p>\n","protected":false},"excerpt":{"rendered":"<p>Si \u00e8 svolto ieri, 8 Maggio, in diretta streaming dalla prestigiosa Sala della Protomoteca in Campidoglio, l&#8217;annuale concerto per commemorare le vittime ed i superstiti del terremoto che nel marzo 2011 sconvolse la regione del Tohoku in Giappone. Un concerto che l&#8216;Ambasciata Giapponese e la m&amp;m mediaservices di Mayumi Onuki e Margherita Savarese hanno voluto [&hellip;]<\/p>\n","protected":false},"author":3,"featured_media":6783,"comment_status":"closed","ping_status":"closed","sticky":false,"template":"","format":"standard","meta":{"footnotes":""},"categories":[32,5],"tags":[3407,239,3404,3413,3411,3398,86,3412,1726,3410,417,3402],"class_list":["post-6779","post","type-post","status-publish","format-standard","has-post-thumbnail","hentry","category-concerti","category-musica-spettacolo","tag-asaki-kurihara","tag-carlo-valenti","tag-carlotta-masci","tag-hana-wa-saku","tag-hayao-miyazaki","tag-hiroshi-oe","tag-in-evidenza","tag-joe-hisaishi","tag-tohoku","tag-virginia-raggi","tag-yasko-fujii","tag-yuriko-minoura"],"_links":{"self":[{"href":"https:\/\/www.farecentronews.com\/index.php?rest_route=\/wp\/v2\/posts\/6779","targetHints":{"allow":["GET"]}}],"collection":[{"href":"https:\/\/www.farecentronews.com\/index.php?rest_route=\/wp\/v2\/posts"}],"about":[{"href":"https:\/\/www.farecentronews.com\/index.php?rest_route=\/wp\/v2\/types\/post"}],"author":[{"embeddable":true,"href":"https:\/\/www.farecentronews.com\/index.php?rest_route=\/wp\/v2\/users\/3"}],"replies":[{"embeddable":true,"href":"https:\/\/www.farecentronews.com\/index.php?rest_route=%2Fwp%2Fv2%2Fcomments&post=6779"}],"version-history":[{"count":6,"href":"https:\/\/www.farecentronews.com\/index.php?rest_route=\/wp\/v2\/posts\/6779\/revisions"}],"predecessor-version":[{"id":6788,"href":"https:\/\/www.farecentronews.com\/index.php?rest_route=\/wp\/v2\/posts\/6779\/revisions\/6788"}],"wp:featuredmedia":[{"embeddable":true,"href":"https:\/\/www.farecentronews.com\/index.php?rest_route=\/wp\/v2\/media\/6783"}],"wp:attachment":[{"href":"https:\/\/www.farecentronews.com\/index.php?rest_route=%2Fwp%2Fv2%2Fmedia&parent=6779"}],"wp:term":[{"taxonomy":"category","embeddable":true,"href":"https:\/\/www.farecentronews.com\/index.php?rest_route=%2Fwp%2Fv2%2Fcategories&post=6779"},{"taxonomy":"post_tag","embeddable":true,"href":"https:\/\/www.farecentronews.com\/index.php?rest_route=%2Fwp%2Fv2%2Ftags&post=6779"}],"curies":[{"name":"wp","href":"https:\/\/api.w.org\/{rel}","templated":true}]}}