{"id":6717,"date":"2021-03-05T12:45:05","date_gmt":"2021-03-05T12:45:05","guid":{"rendered":"http:\/\/www.farecentronews.com\/?p=6717"},"modified":"2021-03-05T12:45:06","modified_gmt":"2021-03-05T12:45:06","slug":"talk-8-marzo-riflessione-sulla-questione-femminile-dal-teatro-comunale-di-ferrara","status":"publish","type":"post","link":"https:\/\/www.farecentronews.com\/?p=6717","title":{"rendered":"Talk 8 Marzo. Riflessione sulla questione femminile dal Teatro Comunale di Ferrara"},"content":{"rendered":"\n<div class=\"wp-block-image\"><figure class=\"alignleft size-large is-resized\"><img loading=\"lazy\" decoding=\"async\" src=\"http:\/\/www.farecentronews.com\/wp-content\/uploads\/2021\/03\/Copertina-8-marzo-ok.jpg\" alt=\"\" class=\"wp-image-6720\" width=\"410\" height=\"230\" srcset=\"https:\/\/www.farecentronews.com\/wp-content\/uploads\/2021\/03\/Copertina-8-marzo-ok.jpg 600w, https:\/\/www.farecentronews.com\/wp-content\/uploads\/2021\/03\/Copertina-8-marzo-ok-300x169.jpg 300w\" sizes=\"auto, (max-width: 410px) 100vw, 410px\" \/><\/figure><\/div>\n\n\n\n<p class=\"wp-block-paragraph\">Ancora una volta la programmazione del <strong>Teatro Comunale di Ferrara \u201cClaudio Abbado\u201d<\/strong> si distingue per interdisciplinariet\u00e0, spessore e potenza degli argomenti. Stiamo parlando del <em>talk in<\/em> <em>streaming<\/em> proposto dalla Fondazione in occasione dell&#8217;8 Marzo sul tema: <strong>\u201cFemminismo, diritti e spiritualit\u00e0: dalle sacre scritture alla contemporaneit\u00e0. Riflessione a pi\u00f9 voci sulla questione femminile\u201d<\/strong>, con la partecipazione della filosofa laica <strong>Laura Boella<\/strong>, l\u2019antropologa musulmana <strong>Maryan Ismail<\/strong>, la storica cristiana <strong>Lucetta Scaraffia<\/strong>, <strong>Moni Ovadia <\/strong>esperto di ebraismo e <strong>Vittorio Robiati Bendaud<\/strong>, saggista e coordinatore del Tribunale Rabbinico del Centro Nord Italia. Un excursus che comprende l&#8217;analisi dei testi sacri e le interpretazioni sul tema del femminile; un confronto tra le differenti tradizioni ebraica, musulmana, cristiana e sull&#8217;ateismo; un dibattito tra filosofia e religione alla scoperta della spiritualit\u00e0 femminile, ma anche dell&#8217;origine della violenza sulle donne. Temi complessi, che mutano nei secoli ma restano a volte fortemente ancorati al passato, affrontati nel talk con un&#8217;ottica aperta a diversi punti di vista grazie alla <em>forma mentis<\/em> del Direttore del Teatro Comunale di Ferrara Moni Ovadia, che ha dichiarato: <em>\u201cPercorso necessario per sondare le ragioni pi\u00f9 profonde che hanno determinato letture perverse sul senso stesso del femminile\u201d. <\/em>L&#8217;incontro, prodotto dalla Fondazione e visibile per tutti ai link sotto indicati, sar\u00e0 anche diffuso agli studenti delle scuole di Ferrara dalle ore 9,30 con link dedicato. <em>(si ringrazia per le immagini: Ufficio Stampa Teatro Comunale di Ferrara: in apertura Maryan Ismail; a seguire un ritratto di Moni Ovadia_credits Maria Pia Ballarino; la locandina dell&#8217;evento)<\/em><\/p>\n\n\n\n<div class=\"wp-block-image\"><figure class=\"alignright size-large is-resized\"><img loading=\"lazy\" decoding=\"async\" src=\"http:\/\/www.farecentronews.com\/wp-content\/uploads\/2021\/03\/Moni-Ovadia_-foto-credit-Ma.jpg\" alt=\"\" class=\"wp-image-6722\" width=\"289\" height=\"434\" srcset=\"https:\/\/www.farecentronews.com\/wp-content\/uploads\/2021\/03\/Moni-Ovadia_-foto-credit-Ma.jpg 600w, https:\/\/www.farecentronews.com\/wp-content\/uploads\/2021\/03\/Moni-Ovadia_-foto-credit-Ma-200x300.jpg 200w\" sizes=\"auto, (max-width: 289px) 100vw, 289px\" \/><\/figure><\/div>\n\n\n\n<p class=\"wp-block-paragraph\"><strong>Moni Ovadia_biografia<\/strong><br>Uomo di teatro e attivista dei diritti sociali, \u00e8 nato in Bulgaria da famiglia ebraico-sefardita. Formatosi come cantante di musica popolare con Roberto Leydi col gruppo Ensemble Havadi\u00e0, nel 1984 si dedica al teatro avviando una serie di collaborazioni con numerose personalit\u00e0 della scena tra cui Pier\u2019Alli, Bolek Polivka, Kantor, Giorgio Marini, Franco Parenti. Esperienze pregnanti, queste, che segnano la nascita del suo celebre \u201cteatro musicale\u201d. Nel 1993 con Oylem Goylem, si impone al grande pubblico e alla critica giornalistica. A questo spettacolo seguono molti altri, fra i quali: Dybbuk, Ballata di fine millennio, Il caso Kafka, Il Banchiere errante, L\u2019Armata a cavallo, Il Violinista sul tetto, la Bella utopia, \u201cLe Supplici\u201d di Eschilo, \u201cLiol\u00e0\u201d di Pirandello e \u201cDio ride, nish koshe\u201d. Per il cinema ha lavorato con Moretti, Monicelli, And\u00f2, Faenza e altri. Radio, dischi, libri, lezioni universitarie, fanno da contrappunto alla sua attivit\u00e0 principale. Per anni \u00e8 stato Direttore Artistico di Mittelfest (Festival della cultura mitteleuropea) e dal mese di gennaio 2021 \u00e8 Direttore della Fondazione Teatro Comunale di Ferrara. Nel corso degli anni gli sono stati conferiti numerosi e prestigiosissimi premi alla carriera e all\u2019impegno civile e Lauree honoris causa, la pi\u00f9 recente quella dell\u2019Universit\u00e0 degli Studi di Palermo in \u201cMusicologia e Scienze dello Spettacolo\u201d. Oggi \u00e8 considerato uno dei pi\u00f9 prestigiosi e popolari uomini di cultura ed artisti della scena italiana.<\/p>\n\n\n\n<p class=\"wp-block-paragraph\"><strong>Femminismo, diritti e spiritualit\u00e0: dalle Sacre Scritture alla contemporaneit\u00e0<\/strong><br><strong>Riflessione a pi\u00f9 voci sulla questione femminile<\/strong><br>Luned\u00ec 8 Marzo 2021 in diretta streaming su:<br><a href=\"https:\/\/www.ilrestodelcarlino.it\/ferrara\/cultura\/femminismo-1.6087613\">https:\/\/www.ilrestodelcarlino.it\/ferrara\/cultura\/femminismo-1.6087613<\/a><br>Il Resto del Carlino, alle ore 18<br>Il Canale Youtube del Teatro Comunale di Ferrara, alle ore 21<br><a href=\"http:\/\/www.youtube.com\/c\/TeatroComunalediFerrara\"><strong>www.youtube.com\/c\/TeatroComunalediFerrara<\/strong><\/a><\/p>\n","protected":false},"excerpt":{"rendered":"<p>Ancora una volta la programmazione del Teatro Comunale di Ferrara \u201cClaudio Abbado\u201d si distingue per interdisciplinariet\u00e0, spessore e potenza degli argomenti. Stiamo parlando del talk in streaming proposto dalla Fondazione in occasione dell&#8217;8 Marzo sul tema: \u201cFemminismo, diritti e spiritualit\u00e0: dalle sacre scritture alla contemporaneit\u00e0. Riflessione a pi\u00f9 voci sulla questione femminile\u201d, con la partecipazione [&hellip;]<\/p>\n","protected":false},"author":7,"featured_media":6719,"comment_status":"closed","ping_status":"closed","sticky":false,"template":"","format":"standard","meta":{"footnotes":""},"categories":[31,3],"tags":[86,3375,3377,3376,3378,2751,3374,3379],"class_list":["post-6717","post","type-post","status-publish","format-standard","has-post-thumbnail","hentry","category-appuntamenti-culturali","category-arte-cultura","tag-in-evidenza","tag-laura-boella","tag-lucetta-scaraffia","tag-maryan-ismail","tag-moni-ovadia","tag-stella-dante","tag-teatro-comunale-di-ferrara-claudio-abbado","tag-vittorio-robiati-bendaud"],"_links":{"self":[{"href":"https:\/\/www.farecentronews.com\/index.php?rest_route=\/wp\/v2\/posts\/6717","targetHints":{"allow":["GET"]}}],"collection":[{"href":"https:\/\/www.farecentronews.com\/index.php?rest_route=\/wp\/v2\/posts"}],"about":[{"href":"https:\/\/www.farecentronews.com\/index.php?rest_route=\/wp\/v2\/types\/post"}],"author":[{"embeddable":true,"href":"https:\/\/www.farecentronews.com\/index.php?rest_route=\/wp\/v2\/users\/7"}],"replies":[{"embeddable":true,"href":"https:\/\/www.farecentronews.com\/index.php?rest_route=%2Fwp%2Fv2%2Fcomments&post=6717"}],"version-history":[{"count":3,"href":"https:\/\/www.farecentronews.com\/index.php?rest_route=\/wp\/v2\/posts\/6717\/revisions"}],"predecessor-version":[{"id":6723,"href":"https:\/\/www.farecentronews.com\/index.php?rest_route=\/wp\/v2\/posts\/6717\/revisions\/6723"}],"wp:featuredmedia":[{"embeddable":true,"href":"https:\/\/www.farecentronews.com\/index.php?rest_route=\/wp\/v2\/media\/6719"}],"wp:attachment":[{"href":"https:\/\/www.farecentronews.com\/index.php?rest_route=%2Fwp%2Fv2%2Fmedia&parent=6717"}],"wp:term":[{"taxonomy":"category","embeddable":true,"href":"https:\/\/www.farecentronews.com\/index.php?rest_route=%2Fwp%2Fv2%2Fcategories&post=6717"},{"taxonomy":"post_tag","embeddable":true,"href":"https:\/\/www.farecentronews.com\/index.php?rest_route=%2Fwp%2Fv2%2Ftags&post=6717"}],"curies":[{"name":"wp","href":"https:\/\/api.w.org\/{rel}","templated":true}]}}