{"id":6566,"date":"2020-11-02T12:23:08","date_gmt":"2020-11-02T12:23:08","guid":{"rendered":"http:\/\/www.farecentronews.com\/?p=6566"},"modified":"2020-11-02T12:37:22","modified_gmt":"2020-11-02T12:37:22","slug":"pietro-a-me-gli-occhi-please","status":"publish","type":"post","link":"https:\/\/www.farecentronews.com\/?p=6566","title":{"rendered":"Pietro&#8230; a me gli occhi, please"},"content":{"rendered":"\n<p class=\"wp-block-paragraph\">Parlare di <strong>Gigi Proietti<\/strong> in occasione della sua scomparsa non ha molto senso, commemorarlo \u00e8 forse inutile: chi lo conosceva e lo apprezzava, sa gi\u00e0 tutto di lui, della sua grandezza di uomo e della sua inarrivabilit\u00e0 di artista. Chi non lo conosce, merita di restare nell&#8217;ignoranza. Fiumi d&#8217;inchiostro stipendiato si stanno gi\u00e0 versando su di lui e se ne verseranno nei prossimi giorni. Ai romani, come il sottoscritto, lascia un gran vuoto emotivo e culturale, e ci mancher\u00e0 quel suo largo, esagerato, sincero sorriso; quegli occhi attenti e mobilissimi; quella sua voce poliedrica, profonda e un po&#8217; nasale. Ci mancher\u00e0 il Gigi ospite garbato nelle apparizioni televisive e il Gigi istrione e , come si diceva un tempo, mattatore, nei suoi one man show. Una sera, nei lontani anni 80, assistevo miracolosamente in prima fila ad una delle prime rappresentazioni del famoso \u201c<strong>A me gli occhi, please<\/strong>\u201d. Con il collo dolorante per la scomoda posizione di chi sta proprio sotto il palco, vedevo il Maestro esibirsi nella famosa gag del \u201cgiapponese\u201d. Sudatissimo, con un improbabile kimono e gli occhi bistrati ridotti a due fessure, la voce che imitava l&#8217;accento nipponico producendo fonemi fantasiosi, ad un tratto, mimando un contadino nell&#8217;atto di cogliere un fiore disse: (lunga, sapiente, pausa con sguardo che dardeggiava sul pubblico) estrazione del loto&#8230;subito aggiungendo un: che Dio mi perdoni! E lui che dal Globe Theatre \u00e8 salito al Celestial Theatre senz&#8217;altro si vedr\u00e0 perdonati tutti i suoi peccati.<\/p>\n","protected":false},"excerpt":{"rendered":"<p>Parlare di Gigi Proietti in occasione della sua scomparsa non ha molto senso, commemorarlo \u00e8 forse inutile: chi lo conosceva e lo apprezzava, sa gi\u00e0 tutto di lui, della sua grandezza di uomo e della sua inarrivabilit\u00e0 di artista. Chi non lo conosce, merita di restare nell&#8217;ignoranza. Fiumi d&#8217;inchiostro stipendiato si stanno gi\u00e0 versando su [&hellip;]<\/p>\n","protected":false},"author":3,"featured_media":6568,"comment_status":"closed","ping_status":"closed","sticky":false,"template":"","format":"standard","meta":{"footnotes":""},"categories":[5,33],"tags":[239,179,3330,86],"class_list":["post-6566","post","type-post","status-publish","format-standard","has-post-thumbnail","hentry","category-musica-spettacolo","category-teatro","tag-carlo-valenti","tag-gigi-proietti","tag-globe-theatre","tag-in-evidenza"],"_links":{"self":[{"href":"https:\/\/www.farecentronews.com\/index.php?rest_route=\/wp\/v2\/posts\/6566","targetHints":{"allow":["GET"]}}],"collection":[{"href":"https:\/\/www.farecentronews.com\/index.php?rest_route=\/wp\/v2\/posts"}],"about":[{"href":"https:\/\/www.farecentronews.com\/index.php?rest_route=\/wp\/v2\/types\/post"}],"author":[{"embeddable":true,"href":"https:\/\/www.farecentronews.com\/index.php?rest_route=\/wp\/v2\/users\/3"}],"replies":[{"embeddable":true,"href":"https:\/\/www.farecentronews.com\/index.php?rest_route=%2Fwp%2Fv2%2Fcomments&post=6566"}],"version-history":[{"count":3,"href":"https:\/\/www.farecentronews.com\/index.php?rest_route=\/wp\/v2\/posts\/6566\/revisions"}],"predecessor-version":[{"id":6570,"href":"https:\/\/www.farecentronews.com\/index.php?rest_route=\/wp\/v2\/posts\/6566\/revisions\/6570"}],"wp:featuredmedia":[{"embeddable":true,"href":"https:\/\/www.farecentronews.com\/index.php?rest_route=\/wp\/v2\/media\/6568"}],"wp:attachment":[{"href":"https:\/\/www.farecentronews.com\/index.php?rest_route=%2Fwp%2Fv2%2Fmedia&parent=6566"}],"wp:term":[{"taxonomy":"category","embeddable":true,"href":"https:\/\/www.farecentronews.com\/index.php?rest_route=%2Fwp%2Fv2%2Fcategories&post=6566"},{"taxonomy":"post_tag","embeddable":true,"href":"https:\/\/www.farecentronews.com\/index.php?rest_route=%2Fwp%2Fv2%2Ftags&post=6566"}],"curies":[{"name":"wp","href":"https:\/\/api.w.org\/{rel}","templated":true}]}}