{"id":6563,"date":"2020-10-31T13:51:59","date_gmt":"2020-10-31T13:51:59","guid":{"rendered":"http:\/\/www.farecentronews.com\/?p=6563"},"modified":"2020-10-31T13:52:00","modified_gmt":"2020-10-31T13:52:00","slug":"insieme-le-mura-aureliane-diventano-galleria-darte","status":"publish","type":"post","link":"https:\/\/www.farecentronews.com\/?p=6563","title":{"rendered":"Insieme. Le Mura Aureliane diventano galleria d&#8217;arte"},"content":{"rendered":"\n<p class=\"wp-block-paragraph\">La mostra <strong>INSIEME<\/strong> nasce da un&#8217;idea di <strong>Gianni Politi<\/strong>, che si appropria delle Mura Aureliane per esporre le opere di <em><strong>19 artisti<\/strong><\/em>. \u201c<em>Appropriarsi di un luogo ha sempre avuto il sapore romantico della scorribanda<\/em>.\u201d dice Politi.\u201d<em>Quando gli artisti lo hanno fatto negli anni Sessanta e Settanta erano spinti da una necessit\u00e0 che oggi sentiamo presente. Sono naturali cicli della storia. <\/em>(\u2026) <em>E&#8217; una perfetta metafora dell&#8217;atteggiamento necessario da assumere in tempi incerti e complessi come questi, dove gli artisti sono moralmente chiamati a parlare. Voglio attaccare su queste Mura le nostre Opere per raccontare il presente. Comporre un&#8217;unica grande Opera, come un mosaico per Roma, Insieme.<\/em>\u201d La mostra sar\u00e0 fruibile fino al<strong> 30 novembre<\/strong> lungo la<strong><em> porzione delle Mura Aureliane su Via Di Porta Labicana<\/em><\/strong>. Opere di: Maurizio Altieri, Jos\u00e9 Angelino, Micol Assa\u00ebl, Elisabetta Benassi, Joanne Burke, Alessandro Cicoria, Stanislao Di Giugno, R\u00e4 di Martino, Giuseppe Gallo, Vostok Lake, Emiliano Maggi, Marta Mancini, Andrea Mauti, Nunzio, Lul\u00f9 Nuti, Alessandro Piangiamore, Gianni Politi, Pietro Ruffo, Delfina Scarpa.<\/p>\n\n\n\n<p class=\"wp-block-paragraph\"><strong><em>Fino al 30 Novembre<\/em><\/strong><br><strong>INSIEME<\/strong><br>via delle Mura Aureliane (porzione via di Porta Labicana)<\/p>\n","protected":false},"excerpt":{"rendered":"<p>La mostra INSIEME nasce da un&#8217;idea di Gianni Politi, che si appropria delle Mura Aureliane per esporre le opere di 19 artisti. \u201cAppropriarsi di un luogo ha sempre avuto il sapore romantico della scorribanda.\u201d dice Politi.\u201dQuando gli artisti lo hanno fatto negli anni Sessanta e Settanta erano spinti da una necessit\u00e0 che oggi sentiamo presente. [&hellip;]<\/p>\n","protected":false},"author":3,"featured_media":6565,"comment_status":"closed","ping_status":"closed","sticky":false,"template":"","format":"standard","meta":{"footnotes":""},"categories":[3,30],"tags":[239,3328,86,3327,3329],"class_list":["post-6563","post","type-post","status-publish","format-standard","has-post-thumbnail","hentry","category-arte-cultura","category-mostre","tag-carlo-valenti","tag-gianni-politi","tag-in-evidenza","tag-insieme","tag-mura-aureliane"],"_links":{"self":[{"href":"https:\/\/www.farecentronews.com\/index.php?rest_route=\/wp\/v2\/posts\/6563","targetHints":{"allow":["GET"]}}],"collection":[{"href":"https:\/\/www.farecentronews.com\/index.php?rest_route=\/wp\/v2\/posts"}],"about":[{"href":"https:\/\/www.farecentronews.com\/index.php?rest_route=\/wp\/v2\/types\/post"}],"author":[{"embeddable":true,"href":"https:\/\/www.farecentronews.com\/index.php?rest_route=\/wp\/v2\/users\/3"}],"replies":[{"embeddable":true,"href":"https:\/\/www.farecentronews.com\/index.php?rest_route=%2Fwp%2Fv2%2Fcomments&post=6563"}],"version-history":[{"count":1,"href":"https:\/\/www.farecentronews.com\/index.php?rest_route=\/wp\/v2\/posts\/6563\/revisions"}],"predecessor-version":[{"id":6564,"href":"https:\/\/www.farecentronews.com\/index.php?rest_route=\/wp\/v2\/posts\/6563\/revisions\/6564"}],"wp:featuredmedia":[{"embeddable":true,"href":"https:\/\/www.farecentronews.com\/index.php?rest_route=\/wp\/v2\/media\/6565"}],"wp:attachment":[{"href":"https:\/\/www.farecentronews.com\/index.php?rest_route=%2Fwp%2Fv2%2Fmedia&parent=6563"}],"wp:term":[{"taxonomy":"category","embeddable":true,"href":"https:\/\/www.farecentronews.com\/index.php?rest_route=%2Fwp%2Fv2%2Fcategories&post=6563"},{"taxonomy":"post_tag","embeddable":true,"href":"https:\/\/www.farecentronews.com\/index.php?rest_route=%2Fwp%2Fv2%2Ftags&post=6563"}],"curies":[{"name":"wp","href":"https:\/\/api.w.org\/{rel}","templated":true}]}}