{"id":6558,"date":"2020-10-31T13:21:00","date_gmt":"2020-10-31T13:21:00","guid":{"rendered":"http:\/\/www.farecentronews.com\/?p=6558"},"modified":"2020-10-31T13:21:02","modified_gmt":"2020-10-31T13:21:02","slug":"la-casa-del-cinema-riparte-con-la-giornata-pasolini","status":"publish","type":"post","link":"https:\/\/www.farecentronews.com\/?p=6558","title":{"rendered":"La Casa del Cinema riparte con la Giornata Pasolini"},"content":{"rendered":"\n<p class=\"wp-block-paragraph\">A quarantacinque anni dalla drammatica scomparsa di <strong>Pier Paolo Pasolini,<\/strong> che mise a tacere per sempre un immortale esponente della cultura italiana, la <strong>Casa del Cinema<\/strong> omaggia il 2 novembre il Maestro con la \u201cLezione di Pasolini\u201d. A raccontare la Lezione di Pasolini ci saranno luned\u00ec 2 novembre<strong> Angelo Draicchio<\/strong> (che nel 2006 per RIPLEY\u2019S FILM ha prodotto il film di Giuseppe Bertolucci), <strong>David Grieco<\/strong> che con il suo film <em><strong>La macchinazione<\/strong><\/em> ha ricostruito con la tenacia del giornalista d\u2019inchiesta premesse e dramma della morte di Pier Paolo, <strong>Aurelio Grimaldi<\/strong> che evoc\u00f2 in immagini l\u2019incompiuto <em><strong>Nerolio<\/strong><\/em>, <strong>Giorgio Gosetti <\/strong>che si interroga sull\u2019eredit\u00e0 filmica e morale lasciata da questo grande intellettuale. Per tutta la settimana la Casa del Cinema proporr\u00e0 un nutrito calendario di appuntamenti di qualit\u00e0 che potranno essere seguiti da casa su hashtag #romarama e #laculturaincasa e sui social network.<\/p>\n\n\n\n<p class=\"wp-block-paragraph\"><em><strong>Dal 2 novembre 2020<\/strong><\/em><br><strong>La Casa del Cinema<\/strong><br>L.go Marcello Mastroianni, 1<br>www,lacasadel cinema.it<\/p>\n\n\n\n<p class=\"wp-block-paragraph\"><\/p>\n","protected":false},"excerpt":{"rendered":"<p>A quarantacinque anni dalla drammatica scomparsa di Pier Paolo Pasolini, che mise a tacere per sempre un immortale esponente della cultura italiana, la Casa del Cinema omaggia il 2 novembre il Maestro con la \u201cLezione di Pasolini\u201d. A raccontare la Lezione di Pasolini ci saranno luned\u00ec 2 novembre Angelo Draicchio (che nel 2006 per RIPLEY\u2019S [&hellip;]<\/p>\n","protected":false},"author":3,"featured_media":6562,"comment_status":"closed","ping_status":"closed","sticky":false,"template":"","format":"standard","meta":{"footnotes":""},"categories":[3,30],"tags":[3323,3325,239,216,3324,3326,86,232],"class_list":["post-6558","post","type-post","status-publish","format-standard","has-post-thumbnail","hentry","category-arte-cultura","category-mostre","tag-angelo-draicchio","tag-aurelio-grimaldi","tag-carlo-valenti","tag-casa-del-cinema","tag-david-grieco","tag-giorgio-gosetti","tag-in-evidenza","tag-pier-paolo-pasolini"],"_links":{"self":[{"href":"https:\/\/www.farecentronews.com\/index.php?rest_route=\/wp\/v2\/posts\/6558","targetHints":{"allow":["GET"]}}],"collection":[{"href":"https:\/\/www.farecentronews.com\/index.php?rest_route=\/wp\/v2\/posts"}],"about":[{"href":"https:\/\/www.farecentronews.com\/index.php?rest_route=\/wp\/v2\/types\/post"}],"author":[{"embeddable":true,"href":"https:\/\/www.farecentronews.com\/index.php?rest_route=\/wp\/v2\/users\/3"}],"replies":[{"embeddable":true,"href":"https:\/\/www.farecentronews.com\/index.php?rest_route=%2Fwp%2Fv2%2Fcomments&post=6558"}],"version-history":[{"count":3,"href":"https:\/\/www.farecentronews.com\/index.php?rest_route=\/wp\/v2\/posts\/6558\/revisions"}],"predecessor-version":[{"id":6561,"href":"https:\/\/www.farecentronews.com\/index.php?rest_route=\/wp\/v2\/posts\/6558\/revisions\/6561"}],"wp:featuredmedia":[{"embeddable":true,"href":"https:\/\/www.farecentronews.com\/index.php?rest_route=\/wp\/v2\/media\/6562"}],"wp:attachment":[{"href":"https:\/\/www.farecentronews.com\/index.php?rest_route=%2Fwp%2Fv2%2Fmedia&parent=6558"}],"wp:term":[{"taxonomy":"category","embeddable":true,"href":"https:\/\/www.farecentronews.com\/index.php?rest_route=%2Fwp%2Fv2%2Fcategories&post=6558"},{"taxonomy":"post_tag","embeddable":true,"href":"https:\/\/www.farecentronews.com\/index.php?rest_route=%2Fwp%2Fv2%2Ftags&post=6558"}],"curies":[{"name":"wp","href":"https:\/\/api.w.org\/{rel}","templated":true}]}}