{"id":646,"date":"2015-05-27T13:13:04","date_gmt":"2015-05-27T13:13:04","guid":{"rendered":"http:\/\/www.farecentro.gaetanobruno.eu\/?p=646"},"modified":"2015-05-27T14:18:02","modified_gmt":"2015-05-27T14:18:02","slug":"fondazione-roma-museo-palazzo-cipolla","status":"publish","type":"post","link":"https:\/\/www.farecentronews.com\/?p=646","title":{"rendered":"Fondazione Roma Museo \u2013 Palazzo Cipolla"},"content":{"rendered":"<p>Lo spazio espositivo <strong>Fondazione Roma Museo<\/strong>, gi\u00e0 <em>Museo del Corso<\/em>, nasce nel 1999 per volont\u00e0 e su impulso del Prof. Avv. Emmanuele F.M. Emanuele, Presidente della Fondazione Roma.\u00a0Dal 1999 ad oggi il Museo ha realizzato oltre quaranta mostre temporanee, in collaborazione con i pi\u00f9 prestigiosi poli museali internazionali, tra cui il Museo Nacional Centro de Arte Reina Sof\u00eda di Madrid, il Museo di Stato di San Pietroburgo, il Museo Pu\u0161kin ed il Museo del Cremlino di Mosca, il Museo del Louvre, il Palace Museum di Pechino, la Gem\u00e4ldegalerie di Berlino, The Honolulu Academy of Arts, il Whitney Museum of American Art di New York. A partire dal mese di novembre 2010 il Museo ha ampliato la propria programmazione offrendo mostre in contemporanea, grazie all&#8217;apertura del nuovo spazio espositivo di <em><strong>Palazzo Sciarra &#8211; Via Minghetti 22<\/strong><\/em> &#8211; che va ad aggiungersi allo spazio gi\u00e0 esistente di <em><strong>Palazzo Cipolla &#8211; Via del Corso 320<\/strong><\/em>.<\/p>\n<p><strong>Fondazione Roma Museo<\/strong><br \/>\nVia del Corso, 320 (Palazzo Cipolla) &#8211; Tel. 06 6786209<br \/>\n<a href=\"http:\/\/www.fondazioneromamuseo.it\">www.fondazioneromamuseo.it<\/a><\/p>\n<p>[wpgmza id=&#8221;4&#8243;]<\/p>\n","protected":false},"excerpt":{"rendered":"<p>Lo spazio espositivo Fondazione Roma Museo, gi\u00e0 Museo del Corso, nasce nel 1999 per volont\u00e0 e su impulso del Prof. Avv. Emmanuele F.M. Emanuele, Presidente della Fondazione Roma.\u00a0Dal 1999 ad oggi il Museo ha realizzato oltre quaranta mostre temporanee, in collaborazione con i pi\u00f9 prestigiosi poli museali internazionali, tra cui il Museo Nacional Centro de [&hellip;]<\/p>\n","protected":false},"author":5,"featured_media":648,"comment_status":"open","ping_status":"open","sticky":false,"template":"","format":"standard","meta":{"footnotes":""},"categories":[130],"tags":[137,138],"class_list":["post-646","post","type-post","status-publish","format-standard","has-post-thumbnail","hentry","category-musei","tag-fondazione-roma-museo","tag-palazzo-cipolla"],"_links":{"self":[{"href":"https:\/\/www.farecentronews.com\/index.php?rest_route=\/wp\/v2\/posts\/646","targetHints":{"allow":["GET"]}}],"collection":[{"href":"https:\/\/www.farecentronews.com\/index.php?rest_route=\/wp\/v2\/posts"}],"about":[{"href":"https:\/\/www.farecentronews.com\/index.php?rest_route=\/wp\/v2\/types\/post"}],"author":[{"embeddable":true,"href":"https:\/\/www.farecentronews.com\/index.php?rest_route=\/wp\/v2\/users\/5"}],"replies":[{"embeddable":true,"href":"https:\/\/www.farecentronews.com\/index.php?rest_route=%2Fwp%2Fv2%2Fcomments&post=646"}],"version-history":[{"count":5,"href":"https:\/\/www.farecentronews.com\/index.php?rest_route=\/wp\/v2\/posts\/646\/revisions"}],"predecessor-version":[{"id":654,"href":"https:\/\/www.farecentronews.com\/index.php?rest_route=\/wp\/v2\/posts\/646\/revisions\/654"}],"wp:featuredmedia":[{"embeddable":true,"href":"https:\/\/www.farecentronews.com\/index.php?rest_route=\/wp\/v2\/media\/648"}],"wp:attachment":[{"href":"https:\/\/www.farecentronews.com\/index.php?rest_route=%2Fwp%2Fv2%2Fmedia&parent=646"}],"wp:term":[{"taxonomy":"category","embeddable":true,"href":"https:\/\/www.farecentronews.com\/index.php?rest_route=%2Fwp%2Fv2%2Fcategories&post=646"},{"taxonomy":"post_tag","embeddable":true,"href":"https:\/\/www.farecentronews.com\/index.php?rest_route=%2Fwp%2Fv2%2Ftags&post=646"}],"curies":[{"name":"wp","href":"https:\/\/api.w.org\/{rel}","templated":true}]}}