{"id":6436,"date":"2020-06-19T09:23:16","date_gmt":"2020-06-19T09:23:16","guid":{"rendered":"http:\/\/www.farecentronews.com\/?p=6436"},"modified":"2020-08-23T08:50:27","modified_gmt":"2020-08-23T08:50:27","slug":"alle-scuderie-del-quirinale-raffaello-1520-1483","status":"publish","type":"post","link":"https:\/\/www.farecentronews.com\/?p=6436","title":{"rendered":"Alle Scuderie del Quirinale, RAFFAELLO 1520 \u2013 1483"},"content":{"rendered":"\n<div class=\"wp-block-image\"><figure class=\"alignleft is-resized\"><img loading=\"lazy\" decoding=\"async\" src=\"http:\/\/www.farecentronews.com\/wp-content\/uploads\/2020\/06\/Riapertura-mostra-RAFFAELL.jpg\" alt=\"\" class=\"wp-image-6441\" width=\"370\" height=\"241\" srcset=\"https:\/\/www.farecentronews.com\/wp-content\/uploads\/2020\/06\/Riapertura-mostra-RAFFAELL.jpg 600w, https:\/\/www.farecentronews.com\/wp-content\/uploads\/2020\/06\/Riapertura-mostra-RAFFAELL-300x196.jpg 300w, https:\/\/www.farecentronews.com\/wp-content\/uploads\/2020\/06\/Riapertura-mostra-RAFFAELL-120x78.jpg 120w\" sizes=\"auto, (max-width: 370px) 100vw, 370px\" \/><\/figure><\/div>\n\n\n\n<p class=\"wp-block-paragraph\"> Il pubblico pu\u00f2 tornare  ad ammirare lo splendore delle opere di Raffaello, riunite eccezionalmente alle Scuderie del Quirinale in occasione della mostra \u201cRaffaello 1520 \u2013 1483\u201d. Le porte dello spazio espositivo romano hanno riaperto dal 2 giugno, una data che avrebbe dovuto sancire la conclusione della rassegna e che invece &#8211; in coincidenza con le celebrazioni per la Festa della Repubblica &#8211; rappresenta&nbsp;un nuovo inizio per il grande evento con cui l&#8217;Italia rende omaggio al sommo artista rinascimentale, nell&#8217;anno del cinquecentenario della sua morte.<\/p>\n\n\n\n<p class=\"wp-block-paragraph\">La mostra, sospesa per circa tre mesi a causa dell&#8217;emergenza sanitaria da Covid-19,\u00a0rester\u00e0 aperta fino al 30 agosto 2020, in virt\u00f9 di una lunga proroga\u00a0resa possibile grazie alla disponibilit\u00e0 e alla solidariet\u00e0 delle istituzioni museali e dei collezionisti che hanno prestato le opere. Allo scopo di assicurare la tutela della salute dei visitatori e dei dipendenti, in occasione della riapertura\u00a0le Scuderie del Quirinale applicheranno misure di sicurezza straordinarie, delineate in uno specifico progetto tecnico-sanitario elaborato da un esperto del Dipartimento di Sanit\u00e0 Pubblica e Malattie Infettive dell&#8217;Universit\u00e0 Sapienza e armonizzato con le linee guida del Comitato Tecnico Scientifico. <br>Con oltre 200 opere, tra le quali 120 dello stesso Raffaello, la mostra &#8211; realizzata dalle Scuderie del Quirinale insieme alle Gallerie degli Uffizi e curata da\u00a0Marzia Faietti\u00a0e da\u00a0Matteo Lafranconi, Direttore di Scuderie del Quirinale &#8211; rappresenta la pi\u00f9 grande rassegna mai tentata in precedenza, con capolavori provenienti dalle pi\u00f9 importanti collezioni e realt\u00e0 museali italiane e internazionali.  <em><strong> Le Scuderie del Quirinale, a partire da venerd\u00ec 19 giugno, prolungano gli orari di apertura dalle 8:00 alle 23:00 durante la settimana, e fino all\u2019una di notte nel fine settimana. <\/strong><\/em><strong><em>Da Luned\u00ec 24 a gioved\u00ec 27 agosto i visitatori sono accolti fino all&#8217;una di notte e da venerd\u00ec 28 a domenica 30, apertura non stop 24 ore su 24.<\/em><\/strong><br><br><strong><em>Fino al 30 agosto 2020<\/em><\/strong><br><strong>Raffaello 1520-1483<\/strong><br>Scuderie del Quirinale &#8211;  Via Ventiquattro Maggio, 16 <br>www.scuderiequirinale.it<\/p>\n","protected":false},"excerpt":{"rendered":"<p>Il pubblico pu\u00f2 tornare ad ammirare lo splendore delle opere di Raffaello, riunite eccezionalmente alle Scuderie del Quirinale in occasione della mostra \u201cRaffaello 1520 \u2013 1483\u201d. Le porte dello spazio espositivo romano hanno riaperto dal 2 giugno, una data che avrebbe dovuto sancire la conclusione della rassegna e che invece &#8211; in coincidenza con le [&hellip;]<\/p>\n","protected":false},"author":5,"featured_media":6440,"comment_status":"closed","ping_status":"closed","sticky":false,"template":"","format":"standard","meta":{"footnotes":""},"categories":[3,30],"tags":[3280,86,721,333],"class_list":["post-6436","post","type-post","status-publish","format-standard","has-post-thumbnail","hentry","category-arte-cultura","category-mostre","tag-covid-19","tag-in-evidenza","tag-raffaello","tag-scuderie-del-quirinale"],"_links":{"self":[{"href":"https:\/\/www.farecentronews.com\/index.php?rest_route=\/wp\/v2\/posts\/6436","targetHints":{"allow":["GET"]}}],"collection":[{"href":"https:\/\/www.farecentronews.com\/index.php?rest_route=\/wp\/v2\/posts"}],"about":[{"href":"https:\/\/www.farecentronews.com\/index.php?rest_route=\/wp\/v2\/types\/post"}],"author":[{"embeddable":true,"href":"https:\/\/www.farecentronews.com\/index.php?rest_route=\/wp\/v2\/users\/5"}],"replies":[{"embeddable":true,"href":"https:\/\/www.farecentronews.com\/index.php?rest_route=%2Fwp%2Fv2%2Fcomments&post=6436"}],"version-history":[{"count":8,"href":"https:\/\/www.farecentronews.com\/index.php?rest_route=\/wp\/v2\/posts\/6436\/revisions"}],"predecessor-version":[{"id":6482,"href":"https:\/\/www.farecentronews.com\/index.php?rest_route=\/wp\/v2\/posts\/6436\/revisions\/6482"}],"wp:featuredmedia":[{"embeddable":true,"href":"https:\/\/www.farecentronews.com\/index.php?rest_route=\/wp\/v2\/media\/6440"}],"wp:attachment":[{"href":"https:\/\/www.farecentronews.com\/index.php?rest_route=%2Fwp%2Fv2%2Fmedia&parent=6436"}],"wp:term":[{"taxonomy":"category","embeddable":true,"href":"https:\/\/www.farecentronews.com\/index.php?rest_route=%2Fwp%2Fv2%2Fcategories&post=6436"},{"taxonomy":"post_tag","embeddable":true,"href":"https:\/\/www.farecentronews.com\/index.php?rest_route=%2Fwp%2Fv2%2Ftags&post=6436"}],"curies":[{"name":"wp","href":"https:\/\/api.w.org\/{rel}","templated":true}]}}