{"id":6425,"date":"2020-06-17T10:06:58","date_gmt":"2020-06-17T10:06:58","guid":{"rendered":"http:\/\/www.farecentronews.com\/?p=6425"},"modified":"2020-06-17T10:06:59","modified_gmt":"2020-06-17T10:06:59","slug":"world-press-photo-2020-in-anteprima-nazionale-al-palaexpo","status":"publish","type":"post","link":"https:\/\/www.farecentronews.com\/?p=6425","title":{"rendered":"World Press Photo 2020 in anteprima nazionale al PalaExp\u00f2"},"content":{"rendered":"\n<div class=\"wp-block-image\"><figure class=\"alignleft is-resized\"><img loading=\"lazy\" decoding=\"async\" src=\"http:\/\/www.farecentronews.com\/wp-content\/uploads\/2020\/06\/001_World-Press-Photo-of-th.jpg\" alt=\"\" class=\"wp-image-6428\" width=\"355\" height=\"236\" srcset=\"https:\/\/www.farecentronews.com\/wp-content\/uploads\/2020\/06\/001_World-Press-Photo-of-th.jpg 600w, https:\/\/www.farecentronews.com\/wp-content\/uploads\/2020\/06\/001_World-Press-Photo-of-th-300x200.jpg 300w\" sizes=\"auto, (max-width: 355px) 100vw, 355px\" \/><figcaption> <em>Mulugeta Ayene_Associated Press<\/em> <\/figcaption><\/figure><\/div>\n\n\n\n<p class=\"wp-block-paragraph\">Il <strong>Palazzo delle Esposizioni<\/strong> di Via Nazionale ospita sino al 2 Agosto 2020 la mostra <strong>World Press Photo 2020<\/strong>, rimandata di due mesi a causa del lockdown, come \u00e8 stata anche annullata la cerimonia di premiazione ad Amsterdam. 139 le foto finaliste quest&#8217;anno per il prestigioso concorso internazionale di fotogiornalismo che dal 1955 premia i migliori fotografi professionisti. 4.282 fotografi, 125 paesi, 73.996 immagini: questi i numeri della 63a edizione, con in finale 44 fotografi da 24 paesi. <br>L\u2019esposizione \u00e8 ideata dalla <strong>World Press Photo Foundation<\/strong> di Amsterdam, promossa da <strong>Roma Capitale \u2013 Assessorato alla Crescita culturale<\/strong> e organizzata dall\u2019<strong>Azienda Speciale Palaexpo<\/strong> in collaborazione con <strong>10b Photography<\/strong>.<\/p>\n\n\n\n<div class=\"wp-block-image\"><figure class=\"alignright is-resized\"><img loading=\"lazy\" decoding=\"async\" src=\"http:\/\/www.farecentronews.com\/wp-content\/uploads\/2020\/06\/060_Fabio-Bucciarelli_for-L.jpg\" alt=\"\" class=\"wp-image-6429\" width=\"331\" height=\"220\" srcset=\"https:\/\/www.farecentronews.com\/wp-content\/uploads\/2020\/06\/060_Fabio-Bucciarelli_for-L.jpg 600w, https:\/\/www.farecentronews.com\/wp-content\/uploads\/2020\/06\/060_Fabio-Bucciarelli_for-L-300x200.jpg 300w\" sizes=\"auto, (max-width: 331px) 100vw, 331px\" \/><figcaption> <em>Fabio Bucciarelli_L\u00d4\u00c7\u00d6Espresso<\/em> <\/figcaption><\/figure><\/div>\n\n\n\n<p class=\"wp-block-paragraph\"><strong>I premi del WPP 2020<\/strong><br><strong>Yasuyoshi Chiba <\/strong>\u00e8 il vincitore della foto dell\u2019anno, con <em>Straight Voice<\/em>. Lo scatto ritrae un giovane che, illuminato dai telefoni cellulari dei suoi compagni, recita poesie nel corso di una manifestazione di protesta che reclama un governo democratico per il Sudan, durante un blackout a Khartum, il 19 Giugno 2019. Si aggiudica invece il \u201cWorld Press Photo Story of the Year\u201d <strong>Romain Laurendeau<\/strong> con <em>Kho, The Genesis of Revolt<\/em>. Kho, nel colloquiale arabo nordafricano, significa fratello. Il reportage racconta il profondo disagio della giovent\u00f9 algerina che, sfidando le autorit\u00e0, ha spinto il resto della popolazione a unirsi alla loro azione, dando vita al pi\u00f9 grande movimento di protesta dell\u2019Algeria degli ultimi decenni. Tra i finalisti anche sei italiani: <strong>Fabio Bucciarelli<\/strong>, <strong>Luca Locatelli<\/strong>, <strong>Alessio Mamo<\/strong> (secondo nella categoria <em>\u201cGeneral News, foto singola\u201d<\/em>), <strong>Nicol\u00f2 Filippo Rosso<\/strong>,<strong> Lorenzo Tugnoli <\/strong>e<strong> Daniele Volpe<\/strong>. Nella mostra, per la prima volta, il pubblico potr\u00e0 ammirare anche una interessante selezione delle foto iconiche che hanno vinto il premio come <em>Foto dell&#8217;Anno<\/em> dal 1955 ad oggi. Inoltre, come gi\u00e0 da qualche anno, una sezione \u00e8 dedicata al <em>Digital Storytelling <\/em>con una serie di video che raccontano gli eventi pi\u00f9 importanti del nostro tempo. Da non perdere.<em>(credits photo: in apertura, WPP of the Year, Yasuyoshi Chiba_Ag.France-Presse; a seguire: Mulugeta Ayene_Associated Press; Fabio Bucciarelli_L\u00d4\u00c7\u00d6Espresso)<\/em><\/p>\n\n\n\n<p class=\"wp-block-paragraph\"><strong>World Press Photo 2020<\/strong><br>Dal 16 Giugno al 2 Agosto 2020<br>Palazzo delle Esposizioni, via Nazionale 194, Roma<br>Orari: domenica, marted\u00ec, mercoled\u00ec e gioved\u00ec: dalle 10.00 alle 20.00; venerd\u00ec e sabato: dalle 10.00 alle 22.30; luned\u00ec chiuso. L&#8217;ingresso \u00e8 consentito fino a un&#8217;ora prima della chiusura ed esclusivamente previa prenotazione obbligatoria gratuita e acquisto del biglietto on line.<br>Biglietto: Intero \u20ac 12.50; Ridotto \u20ac 10,00; valido anche per visitare la mostra Jim Dine. Informazioni e prenotazioni: singoli, gruppi e laboratori d\u2019arte <br>tel. <strong>06 39967500<\/strong>; <strong>www.palazzoesposizioni.it<\/strong><\/p>\n","protected":false},"excerpt":{"rendered":"<p>Il Palazzo delle Esposizioni di Via Nazionale ospita sino al 2 Agosto 2020 la mostra World Press Photo 2020, rimandata di due mesi a causa del lockdown, come \u00e8 stata anche annullata la cerimonia di premiazione ad Amsterdam. 139 le foto finaliste quest&#8217;anno per il prestigioso concorso internazionale di fotogiornalismo che dal 1955 premia i [&hellip;]<\/p>\n","protected":false},"author":5,"featured_media":6427,"comment_status":"closed","ping_status":"closed","sticky":false,"template":"","format":"standard","meta":{"footnotes":""},"categories":[3,30],"tags":[852,86,101,3278,3279],"class_list":["post-6425","post","type-post","status-publish","format-standard","has-post-thumbnail","hentry","category-arte-cultura","category-mostre","tag-fotografia","tag-in-evidenza","tag-palazzo-delle-esposizioni","tag-world-press-photo-2020","tag-yasuyoshi-chiba"],"_links":{"self":[{"href":"https:\/\/www.farecentronews.com\/index.php?rest_route=\/wp\/v2\/posts\/6425","targetHints":{"allow":["GET"]}}],"collection":[{"href":"https:\/\/www.farecentronews.com\/index.php?rest_route=\/wp\/v2\/posts"}],"about":[{"href":"https:\/\/www.farecentronews.com\/index.php?rest_route=\/wp\/v2\/types\/post"}],"author":[{"embeddable":true,"href":"https:\/\/www.farecentronews.com\/index.php?rest_route=\/wp\/v2\/users\/5"}],"replies":[{"embeddable":true,"href":"https:\/\/www.farecentronews.com\/index.php?rest_route=%2Fwp%2Fv2%2Fcomments&post=6425"}],"version-history":[{"count":7,"href":"https:\/\/www.farecentronews.com\/index.php?rest_route=\/wp\/v2\/posts\/6425\/revisions"}],"predecessor-version":[{"id":6435,"href":"https:\/\/www.farecentronews.com\/index.php?rest_route=\/wp\/v2\/posts\/6425\/revisions\/6435"}],"wp:featuredmedia":[{"embeddable":true,"href":"https:\/\/www.farecentronews.com\/index.php?rest_route=\/wp\/v2\/media\/6427"}],"wp:attachment":[{"href":"https:\/\/www.farecentronews.com\/index.php?rest_route=%2Fwp%2Fv2%2Fmedia&parent=6425"}],"wp:term":[{"taxonomy":"category","embeddable":true,"href":"https:\/\/www.farecentronews.com\/index.php?rest_route=%2Fwp%2Fv2%2Fcategories&post=6425"},{"taxonomy":"post_tag","embeddable":true,"href":"https:\/\/www.farecentronews.com\/index.php?rest_route=%2Fwp%2Fv2%2Ftags&post=6425"}],"curies":[{"name":"wp","href":"https:\/\/api.w.org\/{rel}","templated":true}]}}