{"id":6418,"date":"2020-06-01T13:41:50","date_gmt":"2020-06-01T13:41:50","guid":{"rendered":"http:\/\/www.farecentronews.com\/?p=6418"},"modified":"2020-06-01T13:41:51","modified_gmt":"2020-06-01T13:41:51","slug":"prorogata-fino-al-26-luglio-la-mostra-di-jim-dine-al-palazzo-delle-esposizioni","status":"publish","type":"post","link":"https:\/\/www.farecentronews.com\/?p=6418","title":{"rendered":"PROROGATA FINO AL 26 LUGLIO LA MOSTRA DI JIM DINE AL PALAZZO DELLE ESPOSIZIONI"},"content":{"rendered":"\n<p class=\"wp-block-paragraph\"> Rimarr\u00e0 aperta per altri due mesi la grande esposizione su&nbsp;<em>Jim Dine<\/em>&nbsp;inaugurata lo scorso 11 febbraio al Palazzo delle Esposizioni e interrotta dall\u20198 marzo al 17 maggio a causa dell\u2019emergenza sanitaria. L\u2019ampia antologica che ripercorre la carriera dell\u2019artista statunitense, promossa da Roma Capitale \u2013 Assessorato alla Crescita culturale e organizzata dall\u2019Azienda Speciale Palaexpo,&nbsp;<strong>\u00e8 stata prorogata fino al 26 luglio<\/strong>&nbsp;per recuperare almeno in parte i giorni in cui non \u00e8 stata accessibile. Grazie alla disponibilit\u00e0 dei numerosi prestatori che hanno acconsentito al prolungamento dei prestiti delle opere, ci sar\u00e0 pi\u00f9 tempo per visitare la rassegna che lo stesso Jim Dine, in un commovente video inviato al Palazzo delle Esposizioni, ha definito la \u201cmostra migliore che abbia mai fatto, che sia mai stata fatta su di me, e che offre l\u2019immagine migliore di me come artista\u201d. Nello stesso video girato nello studio di Parigi dove l\u2019artista ha trascorso il suo periodo di quarantena, Jim Dine esprime la sua gratitudine alla citt\u00e0 di Roma per la realizzazione di questo progetto. <\/p>\n\n\n\n<p class=\"wp-block-paragraph\">Realizzata con la collaborazione dell\u2019artista e curata da Daniela Lancioni, curatrice senior dell\u2019Azienda Speciale Palaexpo, la mostra presenta oltre 80 opere, datate dal 1959 al 2018. Nel suo insieme, pu\u00f2 dirsi articolata in due parti che rispondono ciascuna a un diverso criterio espositivo. Una prima parte si dispiega nelle sei sale intorno alla Rotonda del Palazzo delle Esposizioni dove le opere sono ordinate secondo un criterio cronologico pensato per lasciare a vista scarti, sorprese e metamorfosi del lavoro di Jim Dine e per non scalfire il senso di orientamento dei visitatori e delle visitatrici. La seconda parte occupa le ultime due grandi sale del percorso espositivo allestite per mano dello stesso artista che le ha trasformate in due ambienti di grande impatto emotivo e visivo. <br><br><strong><em>Fino al 26 luglio 2020<\/em><\/strong><br><strong>Jim Dine<\/strong><br>Palazzo delle delle Esposizioni<br>Via Nazionale , 194 &#8211; Roma<br>www.palazzoesposizioni.it<\/p>\n","protected":false},"excerpt":{"rendered":"<p>Rimarr\u00e0 aperta per altri due mesi la grande esposizione su&nbsp;Jim Dine&nbsp;inaugurata lo scorso 11 febbraio al Palazzo delle Esposizioni e interrotta dall\u20198 marzo al 17 maggio a causa dell\u2019emergenza sanitaria. L\u2019ampia antologica che ripercorre la carriera dell\u2019artista statunitense, promossa da Roma Capitale \u2013 Assessorato alla Crescita culturale e organizzata dall\u2019Azienda Speciale Palaexpo,&nbsp;\u00e8 stata prorogata fino [&hellip;]<\/p>\n","protected":false},"author":5,"featured_media":6420,"comment_status":"closed","ping_status":"closed","sticky":false,"template":"","format":"standard","meta":{"footnotes":""},"categories":[3,30],"tags":[86,3277,101],"class_list":["post-6418","post","type-post","status-publish","format-standard","has-post-thumbnail","hentry","category-arte-cultura","category-mostre","tag-in-evidenza","tag-jim-dine","tag-palazzo-delle-esposizioni"],"_links":{"self":[{"href":"https:\/\/www.farecentronews.com\/index.php?rest_route=\/wp\/v2\/posts\/6418","targetHints":{"allow":["GET"]}}],"collection":[{"href":"https:\/\/www.farecentronews.com\/index.php?rest_route=\/wp\/v2\/posts"}],"about":[{"href":"https:\/\/www.farecentronews.com\/index.php?rest_route=\/wp\/v2\/types\/post"}],"author":[{"embeddable":true,"href":"https:\/\/www.farecentronews.com\/index.php?rest_route=\/wp\/v2\/users\/5"}],"replies":[{"embeddable":true,"href":"https:\/\/www.farecentronews.com\/index.php?rest_route=%2Fwp%2Fv2%2Fcomments&post=6418"}],"version-history":[{"count":2,"href":"https:\/\/www.farecentronews.com\/index.php?rest_route=\/wp\/v2\/posts\/6418\/revisions"}],"predecessor-version":[{"id":6421,"href":"https:\/\/www.farecentronews.com\/index.php?rest_route=\/wp\/v2\/posts\/6418\/revisions\/6421"}],"wp:featuredmedia":[{"embeddable":true,"href":"https:\/\/www.farecentronews.com\/index.php?rest_route=\/wp\/v2\/media\/6420"}],"wp:attachment":[{"href":"https:\/\/www.farecentronews.com\/index.php?rest_route=%2Fwp%2Fv2%2Fmedia&parent=6418"}],"wp:term":[{"taxonomy":"category","embeddable":true,"href":"https:\/\/www.farecentronews.com\/index.php?rest_route=%2Fwp%2Fv2%2Fcategories&post=6418"},{"taxonomy":"post_tag","embeddable":true,"href":"https:\/\/www.farecentronews.com\/index.php?rest_route=%2Fwp%2Fv2%2Ftags&post=6418"}],"curies":[{"name":"wp","href":"https:\/\/api.w.org\/{rel}","templated":true}]}}