{"id":6293,"date":"2020-01-30T13:52:48","date_gmt":"2020-01-30T13:52:48","guid":{"rendered":"http:\/\/www.farecentronews.com\/?p=6293"},"modified":"2020-01-30T14:00:56","modified_gmt":"2020-01-30T14:00:56","slug":"ara-guler-il-lucido-osservatore-della-storia-e-della-societa-turca","status":"publish","type":"post","link":"https:\/\/www.farecentronews.com\/?p=6293","title":{"rendered":"Ara G\u00fcler, il lucido osservatore della storia e della societ\u00e0 turca"},"content":{"rendered":"\n<div class=\"wp-block-image\"><figure class=\"alignleft is-resized\"><img loading=\"lazy\" decoding=\"async\" src=\"http:\/\/www.farecentronews.com\/wp-content\/uploads\/2020\/01\/image.jpg\" alt=\"\" class=\"wp-image-6297\" width=\"290\" height=\"441\" srcset=\"https:\/\/www.farecentronews.com\/wp-content\/uploads\/2020\/01\/image.jpg 600w, https:\/\/www.farecentronews.com\/wp-content\/uploads\/2020\/01\/image-197x300.jpg 197w\" sizes=\"auto, (max-width: 290px) 100vw, 290px\" \/><\/figure><\/div>\n\n\n\n<p class=\"wp-block-paragraph\">A poco pi\u00f9 di un anno dalla sua scomparsa, il<strong> Museo di Roma in Trastevere <\/strong>celebra<strong> Ara G\u00fcler<\/strong> che il prestigioso <em>British Journal of Photography Yearbook<\/em> ha definito uno dei sette migliori fotografi al mondo ed insignito del titolo di \u201c<em>Master of Leica<\/em>\u201d. La mostra monografica romana \u00e8 dedicata alle opere in bianco e nero di questo fotografo di origine armena che ha lasciato un patrimonio di oltre due milioni di scatti. Le fotografie di  Ara G\u00fcler a partire dagli anni &#8217;50, rappresentano principalmente la citt\u00e0 di<strong> Istambul<\/strong> per un totale di 45 vedute in bianco e nero a cui si affianca una sezione composta da 37 scatti interamente dedicata ai ritratti di personaggi del mondo dell&#8217;arte, della letteratura, della scienza e della politica. Vi troviamo tra gli altri<em> Federico Fellini, Sophia Loren, Bernardo Bertolucci, Antonio Tabucchi, Papa Paolo VI<\/em> e <em>Winston Churchill<\/em>. Di lui dice il Presidente <strong><em> Recep Tayyip Erdo\u011fan<\/em><\/strong>:\u201d <em>Il viaggio artistico di Ara G\u00fcler, che mise Istanbul, dove fu nato e cresciuto, al centro della sua vita e della sua arte, racchiude in s\u00e9 una sintesi della nostra storia recente. Lo ricorderemo sempre con profondo rispetto come una delle pi\u00f9 edificanti testimonianze della figura del \u201cvero artista\u201d nel nostro Paese, con il suo linguaggio originale, avvincente e prolifico, libero da ogni forma di bigottismo<\/em>.\u201d<\/p>\n\n\n\n<p class=\"wp-block-paragraph\"><strong><em>Dal 30 gennaio  al 3 maggio 2020<\/em><\/strong><br><strong>Ara G\u00fcler<\/strong><br>Museo di Roma in Trastevere, Piazza S. Egidio 1b<br><a href=\"http:\/\/www.museodiromaintrastevere.it\">www.museodiromaintrastevere.it<\/a><br>www.museiincomune.it; www.zetema.it<\/p>\n","protected":false},"excerpt":{"rendered":"<p>A poco pi\u00f9 di un anno dalla sua scomparsa, il Museo di Roma in Trastevere celebra Ara G\u00fcler che il prestigioso British Journal of Photography Yearbook ha definito uno dei sette migliori fotografi al mondo ed insignito del titolo di \u201cMaster of Leica\u201d. La mostra monografica romana \u00e8 dedicata alle opere in bianco e nero [&hellip;]<\/p>\n","protected":false},"author":3,"featured_media":6295,"comment_status":"closed","ping_status":"closed","sticky":false,"template":"","format":"standard","meta":{"footnotes":""},"categories":[3,30],"tags":[3234,239,86,3235,315,3236],"class_list":["post-6293","post","type-post","status-publish","format-standard","has-post-thumbnail","hentry","category-arte-cultura","category-mostre","tag-ara-guler","tag-carlo-valenti","tag-in-evidenza","tag-istambul","tag-museo-di-roma-in-trastevere","tag-recep-tayyip-erdogan"],"_links":{"self":[{"href":"https:\/\/www.farecentronews.com\/index.php?rest_route=\/wp\/v2\/posts\/6293","targetHints":{"allow":["GET"]}}],"collection":[{"href":"https:\/\/www.farecentronews.com\/index.php?rest_route=\/wp\/v2\/posts"}],"about":[{"href":"https:\/\/www.farecentronews.com\/index.php?rest_route=\/wp\/v2\/types\/post"}],"author":[{"embeddable":true,"href":"https:\/\/www.farecentronews.com\/index.php?rest_route=\/wp\/v2\/users\/3"}],"replies":[{"embeddable":true,"href":"https:\/\/www.farecentronews.com\/index.php?rest_route=%2Fwp%2Fv2%2Fcomments&post=6293"}],"version-history":[{"count":3,"href":"https:\/\/www.farecentronews.com\/index.php?rest_route=\/wp\/v2\/posts\/6293\/revisions"}],"predecessor-version":[{"id":6299,"href":"https:\/\/www.farecentronews.com\/index.php?rest_route=\/wp\/v2\/posts\/6293\/revisions\/6299"}],"wp:featuredmedia":[{"embeddable":true,"href":"https:\/\/www.farecentronews.com\/index.php?rest_route=\/wp\/v2\/media\/6295"}],"wp:attachment":[{"href":"https:\/\/www.farecentronews.com\/index.php?rest_route=%2Fwp%2Fv2%2Fmedia&parent=6293"}],"wp:term":[{"taxonomy":"category","embeddable":true,"href":"https:\/\/www.farecentronews.com\/index.php?rest_route=%2Fwp%2Fv2%2Fcategories&post=6293"},{"taxonomy":"post_tag","embeddable":true,"href":"https:\/\/www.farecentronews.com\/index.php?rest_route=%2Fwp%2Fv2%2Ftags&post=6293"}],"curies":[{"name":"wp","href":"https:\/\/api.w.org\/{rel}","templated":true}]}}