{"id":6277,"date":"2020-01-29T10:44:41","date_gmt":"2020-01-29T10:44:41","guid":{"rendered":"http:\/\/www.farecentronews.com\/?p=6277"},"modified":"2020-01-29T10:44:42","modified_gmt":"2020-01-29T10:44:42","slug":"tellenae-la-guerriera-atemporale-di-sabrina-persechino","status":"publish","type":"post","link":"https:\/\/www.farecentronews.com\/?p=6277","title":{"rendered":"Tellenae. La guerriera atemporale di Sabrina Persechino"},"content":{"rendered":"\n<div class=\"wp-block-image\"><figure class=\"alignleft is-resized\"><img loading=\"lazy\" decoding=\"async\" src=\"http:\/\/www.farecentronews.com\/wp-content\/uploads\/2020\/01\/20200124_205200.jpg\" alt=\"\" class=\"wp-image-6281\" width=\"331\" height=\"248\" srcset=\"https:\/\/www.farecentronews.com\/wp-content\/uploads\/2020\/01\/20200124_205200.jpg 600w, https:\/\/www.farecentronews.com\/wp-content\/uploads\/2020\/01\/20200124_205200-300x225.jpg 300w\" sizes=\"auto, (max-width: 331px) 100vw, 331px\" \/><\/figure><\/div>\n\n\n\n<p class=\"wp-block-paragraph\">Al centro della sala batterie, tamburi, amplificatori. Intorno, impalpabili tende in tulle sotto le luci blu cobalto. E&#8217; l&#8217;introduttivo colpo d&#8217;occhio dedicato a tutto il parterre da <strong>Sabrina Persechino <\/strong>per <strong>AltaRoma 2020<\/strong>, che per la sua <strong>Collezione Primavera\/Estate 2020 <\/strong>ci conduce nel mondo degli antichi Romani con l&#8217;ispirazione a<strong> Tellenae<\/strong>: la misteriosa citt\u00e0 dell&#8217;et\u00e0 del ferro il cui sito non \u00e8 ancora stato scoperto. Cos\u00ec al suono live del Maestro Stefano Rossini, sfilano ieratiche le modelle con abiti peplo, morbidi long dress da grande soir\u00e9e, sinuosi vestiti e raffinate jampsuit decorate con quadrati metallici, che ritroviamo anche sulle acconciature curate dal Team Sergio Valente, nonch\u00e9 sui moderni sandali alla schiava tacco 12. La squadrata geometria \u00e8 la forma architettonica intorno alla quale \u00e8 nata l&#8217;intera collezione, realizzata dalla Stilista del Pr\u00e9t \u00e0 Couture con l&#8217;utilizzo della grafica vettoriale, del laser per i tagli al vivo su pizzi, pelle, maglie metalliche in rame, acciaio, seta. La palette richiama gli antichi intonaci romani, dal cilestrino al rosa quarzo, passando per bianco e nero, bronzo e oro. <\/p>\n\n\n\n<div class=\"wp-block-image\"><figure class=\"alignright is-resized\"><img loading=\"lazy\" decoding=\"async\" src=\"http:\/\/www.farecentronews.com\/wp-content\/uploads\/2020\/01\/Sabrina-Persechino-6.jpg\" alt=\"\" class=\"wp-image-6282\" width=\"277\" height=\"415\" srcset=\"https:\/\/www.farecentronews.com\/wp-content\/uploads\/2020\/01\/Sabrina-Persechino-6.jpg 600w, https:\/\/www.farecentronews.com\/wp-content\/uploads\/2020\/01\/Sabrina-Persechino-6-200x300.jpg 200w\" sizes=\"auto, (max-width: 277px) 100vw, 277px\" \/><\/figure><\/div>\n\n\n\n<p class=\"wp-block-paragraph\">La sposa, incarnata dal mezzo-soprano <strong>Anna Konovalova<\/strong>, gorgheggia e brandisce una morbida spada-bouquet a foglia di calla. Sublime.<em> (nelle immagini: in apertura, jampsuit nera decorata con motivi rettangolari sulla scollatura posteriore, dal backstage ph_Marina De Benedictis, tutti i diritti riservati;  la sala della sfilata di Sabrina Persechino, con le percussioni al centro, ph_Marina De Benedictis, tutti i diritti riservati; shorts in pelle tagliata al laser in rosa antico e vertiginosi calzari moderni, ph_courtesy of AltaRoma)<\/em><br><a href=\"http:\/\/www.atelierpersechino.com\/\"><strong>www.atelierpersechino.com<\/strong><\/a><br><a href=\"http:\/\/www.altaroma.it\/\"><strong>www.altaroma.it<\/strong><\/a><\/p>\n\n\n\n<p class=\"wp-block-paragraph\"><strong>Atelier Persechino. Architettura, Moda, Design, Arte<\/strong><br>Nella location del <strong>Lanificio Sonnino<\/strong> &#8211; nel quartiere Testaccio a Roma in un edificio industriale dei primi del &#8216;900 &#8211; ha sede dal 1997 l&#8217;Atelier di Sabrina, dove architettura, design e moda si sposano insieme all&#8217;arte per creare raffinate collezioni che esaltano il Made in Italy in ogni dettaglio. La Stilista architetto ha dichiarato infatti:<em> \u201cIl mio obiettivo \u00e8 quello di creare collezioni Alta Moda in cui sia evidente l&#8217;interconnessione tra moda, arte e architettura\u201d.<\/em> Ogni capo, dunque, \u00e8 inteso come un&#8217;opera che trova ispirazione da tutte queste diverse aree delle arti visive, con risultati raffinati e unici. Una creativit\u00e0 pulita, lineare, ricca di substrati culturali. Che ci sorprende sempre.<br>https:\/\/m.facebook.com\/pg\/atelierpersechino\/about <br><\/p>\n","protected":false},"excerpt":{"rendered":"<p>Al centro della sala batterie, tamburi, amplificatori. Intorno, impalpabili tende in tulle sotto le luci blu cobalto. E&#8217; l&#8217;introduttivo colpo d&#8217;occhio dedicato a tutto il parterre da Sabrina Persechino per AltaRoma 2020, che per la sua Collezione Primavera\/Estate 2020 ci conduce nel mondo degli antichi Romani con l&#8217;ispirazione a Tellenae: la misteriosa citt\u00e0 dell&#8217;et\u00e0 del [&hellip;]<\/p>\n","protected":false},"author":4,"featured_media":6280,"comment_status":"closed","ping_status":"closed","sticky":false,"template":"","format":"standard","meta":{"footnotes":""},"categories":[35,1],"tags":[3229,3231,86,243,84,3230],"class_list":["post-6277","post","type-post","status-publish","format-standard","has-post-thumbnail","hentry","category-fashion-news","category-moda-shopping","tag-altaroma-2020","tag-anna-konovalova","tag-in-evidenza","tag-marina-de-benedictis","tag-sabrina-persechino","tag-tellenae"],"_links":{"self":[{"href":"https:\/\/www.farecentronews.com\/index.php?rest_route=\/wp\/v2\/posts\/6277","targetHints":{"allow":["GET"]}}],"collection":[{"href":"https:\/\/www.farecentronews.com\/index.php?rest_route=\/wp\/v2\/posts"}],"about":[{"href":"https:\/\/www.farecentronews.com\/index.php?rest_route=\/wp\/v2\/types\/post"}],"author":[{"embeddable":true,"href":"https:\/\/www.farecentronews.com\/index.php?rest_route=\/wp\/v2\/users\/4"}],"replies":[{"embeddable":true,"href":"https:\/\/www.farecentronews.com\/index.php?rest_route=%2Fwp%2Fv2%2Fcomments&post=6277"}],"version-history":[{"count":3,"href":"https:\/\/www.farecentronews.com\/index.php?rest_route=\/wp\/v2\/posts\/6277\/revisions"}],"predecessor-version":[{"id":6283,"href":"https:\/\/www.farecentronews.com\/index.php?rest_route=\/wp\/v2\/posts\/6277\/revisions\/6283"}],"wp:featuredmedia":[{"embeddable":true,"href":"https:\/\/www.farecentronews.com\/index.php?rest_route=\/wp\/v2\/media\/6280"}],"wp:attachment":[{"href":"https:\/\/www.farecentronews.com\/index.php?rest_route=%2Fwp%2Fv2%2Fmedia&parent=6277"}],"wp:term":[{"taxonomy":"category","embeddable":true,"href":"https:\/\/www.farecentronews.com\/index.php?rest_route=%2Fwp%2Fv2%2Fcategories&post=6277"},{"taxonomy":"post_tag","embeddable":true,"href":"https:\/\/www.farecentronews.com\/index.php?rest_route=%2Fwp%2Fv2%2Ftags&post=6277"}],"curies":[{"name":"wp","href":"https:\/\/api.w.org\/{rel}","templated":true}]}}