{"id":6234,"date":"2020-01-21T18:16:50","date_gmt":"2020-01-21T18:16:50","guid":{"rendered":"http:\/\/www.farecentronews.com\/?p=6234"},"modified":"2020-01-21T18:16:52","modified_gmt":"2020-01-21T18:16:52","slug":"nellatelier-dello-spirito-con-francesco-astiaso-garcia","status":"publish","type":"post","link":"https:\/\/www.farecentronews.com\/?p=6234","title":{"rendered":"Nell&#8217;Atelier dello spirito con Francesco Astiaso Garcia"},"content":{"rendered":"\n<div class=\"wp-block-image\"><figure class=\"alignleft is-resized\"><img loading=\"lazy\" decoding=\"async\" src=\"http:\/\/www.farecentronews.com\/wp-content\/uploads\/2020\/01\/346d1c34-4ce5-45cf-82a1-c3697c66aacc-1024x684.jpg\" alt=\"\" class=\"wp-image-6237\" width=\"387\" height=\"258\" srcset=\"https:\/\/www.farecentronews.com\/wp-content\/uploads\/2020\/01\/346d1c34-4ce5-45cf-82a1-c3697c66aacc.jpg 1024w, https:\/\/www.farecentronews.com\/wp-content\/uploads\/2020\/01\/346d1c34-4ce5-45cf-82a1-c3697c66aacc-300x200.jpg 300w, https:\/\/www.farecentronews.com\/wp-content\/uploads\/2020\/01\/346d1c34-4ce5-45cf-82a1-c3697c66aacc-768x513.jpg 768w\" sizes=\"auto, (max-width: 387px) 100vw, 387px\" \/><\/figure><\/div>\n\n\n\n<p class=\"wp-block-paragraph\">Nell&#8217;Atelier\ndi Francesco si scende una rampa di scale, si arriva dentro l&#8217;anima.\nUn ambiente totalmente bianco, puro come la tela prima dell&#8217;atto\ncreativo. Uno spazio ideale, dove prendono vita tutte le sue opere:\nin acrilico, olio, matita, pigmenti naturali, resina e cera. Perch\u00e9\n<strong>Francesco Astiaso Garcia<\/strong>\n\u00e8 un Artista a tutto tondo, eclettico e colto, che non domina\nsolamente le differenti tecniche pittoriche. C&#8217;\u00e8 qualcosa di pi\u00f9:\nl&#8217;espressione di s\u00e9 <em>in\nprimis<\/em>, ma anche il\ndesiderio di comunicare all&#8217;altro l&#8217;armonia del tutto, il mistero\ndelle cose. Attraverso le bellezze della natura, il fascino di uno\nsguardo, il dinamismo di un&#8217;onda, il senso ineffabile di un pensiero.\nOgni opera cerca di cogliere l&#8217;essenza stessa del creato e al\ncontempo la profondit\u00e0 dell&#8217;Io. Un viaggio dentro se stessi e il\nmondo esterno. Proprio ci\u00f2 che accade quando si scende dentro il suo\nAtelier.<\/p>\n\n\n\n<p class=\"wp-block-paragraph\"><em>(foto di apertura: un particolare dell&#8217;Atelier romano di Francesco Astiaso Garcia, ph_Marina De Benedictis_tutti i diritti riservati; a seguire ph_courtesy of Francesco Astiaso Garcia: paesaggi contemporanei, in un continuum con le foto contenute nel libro Epifanie: Notte stellata; l&#8217;Artista ritratto durante un evento)<\/em><\/p>\n\n\n\n<div class=\"wp-block-image\"><figure class=\"alignright is-resized\"><img loading=\"lazy\" decoding=\"async\" src=\"http:\/\/www.farecentronews.com\/wp-content\/uploads\/2020\/01\/Notte-Stellata-sullAcqua.jpg\" alt=\"\" class=\"wp-image-6238\" width=\"367\" height=\"329\" srcset=\"https:\/\/www.farecentronews.com\/wp-content\/uploads\/2020\/01\/Notte-Stellata-sullAcqua.jpg 600w, https:\/\/www.farecentronews.com\/wp-content\/uploads\/2020\/01\/Notte-Stellata-sullAcqua-300x269.jpg 300w\" sizes=\"auto, (max-width: 367px) 100vw, 367px\" \/><\/figure><\/div>\n\n\n\n<p class=\"wp-block-paragraph\"><strong>La bellezza salver\u00e0 il mondo<\/strong><br>L&#8217;Artista italo spagnolo \u00e8 indissolubilmente legato alla sua voglia di conoscenza. Oltre a dipingere, infatti, \u00e8 anche scultore e fotografo. La sua passione \u00e8 viaggiare e osservare la Natura, tanto da ritrarne le bellezze in diverse opere. Attualmente sta preparando delle tele per le prossime esposizioni di Aprile in Cina, a Shangai. Laureato all&#8217;Accademia di Belle Arti di Roma, ha realizzato numerose opere in Italia e all&#8217;estero: per l&#8217;abside della Cattedrale di Madrid, ha collaborato agli affreschi con il pittore Kiko Arguello; ha realizzato pitture murali e affreschi anche a Roma, New York, Parigi, Varsavia, Shangai. I suoi quadri sono stati esposti, fra le varie location, nel Museo Nazionale di Arte Moderna di Malta, nelle Sale del Bramante a Roma, nella Galleria Astarte di Parigi, presso l&#8217;Art Hotel S. Prassede, la Galleria Il Canovaccio, il Teatro Quirino e l&#8217;Accademia di Ungheria a Roma. Alcune opere sono inoltre racchiuse in collezioni pubbliche e private, come presso i Musei Vaticani. Nel suo percorso artistico Francesco ha gi\u00e0 ricevuto diversi premi, fra i quali nel 2015 Il prestigioso premio Internazionale \u201cGiovanni Paolo I\u201d. Ha pubblicato, fra l&#8217;altro, il libro \u201cEpifanie\u201d dove l&#8217;Artista ha cercato attraverso la fotografia di cogliere le diverse sfaccettature della realt\u00e0 come espressione dell&#8217;anima. Un inno alla bellezza, che salver\u00e0 il mondo.<br><a href=\"http:\/\/www.francescoastiasogarcia.com\/\"><strong>www.francescoastiasogarcia.com<\/strong><\/a><br><a href=\"http:\/\/www.epifanie.org\/\"><strong>www.epifanie.org<\/strong><\/a><\/p>\n","protected":false},"excerpt":{"rendered":"<p>Nell&#8217;Atelier di Francesco si scende una rampa di scale, si arriva dentro l&#8217;anima. Un ambiente totalmente bianco, puro come la tela prima dell&#8217;atto creativo. Uno spazio ideale, dove prendono vita tutte le sue opere: in acrilico, olio, matita, pigmenti naturali, resina e cera. Perch\u00e9 Francesco Astiaso Garcia \u00e8 un Artista a tutto tondo, eclettico e [&hellip;]<\/p>\n","protected":false},"author":4,"featured_media":6236,"comment_status":"closed","ping_status":"closed","sticky":false,"template":"","format":"standard","meta":{"footnotes":""},"categories":[3,30],"tags":[3216,3215,86,243],"class_list":["post-6234","post","type-post","status-publish","format-standard","has-post-thumbnail","hentry","category-arte-cultura","category-mostre","tag-epifanie","tag-francesco-astiaso-garcia","tag-in-evidenza","tag-marina-de-benedictis"],"_links":{"self":[{"href":"https:\/\/www.farecentronews.com\/index.php?rest_route=\/wp\/v2\/posts\/6234","targetHints":{"allow":["GET"]}}],"collection":[{"href":"https:\/\/www.farecentronews.com\/index.php?rest_route=\/wp\/v2\/posts"}],"about":[{"href":"https:\/\/www.farecentronews.com\/index.php?rest_route=\/wp\/v2\/types\/post"}],"author":[{"embeddable":true,"href":"https:\/\/www.farecentronews.com\/index.php?rest_route=\/wp\/v2\/users\/4"}],"replies":[{"embeddable":true,"href":"https:\/\/www.farecentronews.com\/index.php?rest_route=%2Fwp%2Fv2%2Fcomments&post=6234"}],"version-history":[{"count":5,"href":"https:\/\/www.farecentronews.com\/index.php?rest_route=\/wp\/v2\/posts\/6234\/revisions"}],"predecessor-version":[{"id":6242,"href":"https:\/\/www.farecentronews.com\/index.php?rest_route=\/wp\/v2\/posts\/6234\/revisions\/6242"}],"wp:featuredmedia":[{"embeddable":true,"href":"https:\/\/www.farecentronews.com\/index.php?rest_route=\/wp\/v2\/media\/6236"}],"wp:attachment":[{"href":"https:\/\/www.farecentronews.com\/index.php?rest_route=%2Fwp%2Fv2%2Fmedia&parent=6234"}],"wp:term":[{"taxonomy":"category","embeddable":true,"href":"https:\/\/www.farecentronews.com\/index.php?rest_route=%2Fwp%2Fv2%2Fcategories&post=6234"},{"taxonomy":"post_tag","embeddable":true,"href":"https:\/\/www.farecentronews.com\/index.php?rest_route=%2Fwp%2Fv2%2Ftags&post=6234"}],"curies":[{"name":"wp","href":"https:\/\/api.w.org\/{rel}","templated":true}]}}