{"id":6146,"date":"2019-12-09T09:08:06","date_gmt":"2019-12-09T09:08:06","guid":{"rendered":"http:\/\/www.farecentronews.com\/?p=6146"},"modified":"2019-12-09T09:08:08","modified_gmt":"2019-12-09T09:08:08","slug":"e-gia-natale-allauditorium-un-mese-di-musica-lezioni-di-rock-e-pattinaggio","status":"publish","type":"post","link":"https:\/\/www.farecentronews.com\/?p=6146","title":{"rendered":"E&#8217; gi\u00e0 Natale all&#8217;Auditorium. Un mese di musica, lezioni di rock e pattinaggio"},"content":{"rendered":"\n<div class=\"wp-block-image\"><figure class=\"alignleft is-resized\"><img loading=\"lazy\" decoding=\"async\" src=\"http:\/\/www.farecentronews.com\/wp-content\/uploads\/2019\/12\/gospel8.jpg\" alt=\"\" class=\"wp-image-6150\" width=\"358\" height=\"238\" srcset=\"https:\/\/www.farecentronews.com\/wp-content\/uploads\/2019\/12\/gospel8.jpg 600w, https:\/\/www.farecentronews.com\/wp-content\/uploads\/2019\/12\/gospel8-300x200.jpg 300w\" sizes=\"auto, (max-width: 358px) 100vw, 358px\" \/><\/figure><\/div>\n\n\n\n<p class=\"wp-block-paragraph\">I regali che quest&#8217;anno l<strong>&#8216;Auditorium<\/strong> offre per Natale a tutti coloro che passeranno le festivit\u00e0 in citt\u00e0 sono variegati e per tutti i gusti ed et\u00e0. Dal <strong>10<\/strong> dicembre riparte la quarta edizione di <strong>Retape<\/strong>, rassegna di nuove proposte della scena musicale romana mentre il giorno seguente, l<strong>&#8217;11<\/strong> dicembre, appuntamento imperdibile per gli amanti del jazz: dopo 15 anni torna il trio formato da<strong> Pieranunzi, Johnson<\/strong> e<strong> Baron<\/strong>. Ritroveremo anche la<strong> Jumpin&#8217; Jive Orchestra<\/strong> il <strong>12<\/strong> con arrangiamenti swing di classici natalizi. Per la serie <strong>Ritratti<\/strong> di compositori contemporanei, <strong>Tonino Battista<\/strong> e il<strong> PMCE Parco della Musica Ensemble<\/strong> render\u00e0 omaggio il<strong> 20<\/strong> dicembre a<strong> Kevin Volans<\/strong>. Da<strong> 22<\/strong> inizia l&#8217;atteso<strong> Gospel Festival<\/strong> che vede come protagonisti i <strong>Chicago Mass Choir Harlem Gospel Choir<\/strong>,<strong> South Carolina Mass Choir<\/strong>, <strong>Dennis Reed &amp;Gap<\/strong> e <strong>Danell Daymon &amp; Greater Works<\/strong>. Cambiando genere il<strong> 26 <\/strong>e <strong>27<\/strong> dicembre saliranno sul palco il duo<strong> Max Gazz\u00e9<\/strong> e <strong>Alex Britti <\/strong>accompagnati alla batteria da<strong> Manu Katch\u00e9<\/strong> e alla tromba da <strong>Flavio Boltro<\/strong>. Tra le voci femminili presenti in questa rassegna natalizia avremo il<strong> 26<\/strong> dicembre un concerto di <strong>Grazia Di Michele, Mariella Nava<\/strong> e<strong> Rossana Casale<\/strong>, mentre, reduce dall&#8217;acclamato<em> Personal Tour<\/em>, torna il <strong>28<\/strong> dicembre <strong>Fiorella Mannoia<\/strong>.  <\/p>\n\n\n\n<div class=\"wp-block-image\"><figure class=\"alignright is-resized\"><img loading=\"lazy\" decoding=\"async\" src=\"http:\/\/www.farecentronews.com\/wp-content\/uploads\/2019\/12\/britti-gazze.jpg\" alt=\"\" class=\"wp-image-6151\" width=\"336\" height=\"223\" srcset=\"https:\/\/www.farecentronews.com\/wp-content\/uploads\/2019\/12\/britti-gazze.jpg 600w, https:\/\/www.farecentronews.com\/wp-content\/uploads\/2019\/12\/britti-gazze-300x200.jpg 300w\" sizes=\"auto, (max-width: 336px) 100vw, 336px\" \/><\/figure><\/div>\n\n\n\n<p class=\"wp-block-paragraph\">Per i pi\u00f9 giovani il<strong> 29<\/strong> e <strong>30<\/strong> dicembre un&#8217;<strong>Orchestra e Coro<\/strong> formati da ben 120 musicisti diretti dal <strong>Maestro Timothy Henty<\/strong> eseguiranno dal vivo la magica partitura di<strong> John Williams<\/strong> in sincrono con il film <strong>Harry Potter e il Prigioniero di Azkaban<\/strong>. L&#8217;Auditorium festegger\u00e0 l&#8217;arrivo del nuovo anno il <strong>31<\/strong> dicembre nella <em>Sala Sinopoli<\/em> con le tradizionali atmosfere<em> gospel<\/em> dei <strong>Danell Daymon &amp; Greater Works<\/strong>, mentre brinderemo nella<em> Sala Santa Cecilia<\/em> insieme a <strong>Gigi Proietti<\/strong> e i suoi <em>Cavalli di Battaglia<\/em>. Il primo gennaio aprono il nuovo anno <strong>Nicola Piovani<\/strong> col suo racconto musicale <em>La musica \u00e8 pericolosa<\/em> e <strong>Gerardo Di Lella <\/strong>con la sua <strong>Grand&#8217;Orchestra<\/strong>. A chiudere le festivit\u00e0, il<strong> 6<\/strong> gennaio,  sar\u00e0 anche quest&#8217;anno<strong> Ambrogio Sparagna <\/strong>accompagnato dall&#8217; <strong>Orchestra Popolare Italiana<\/strong>.<\/p>\n\n\n\n<div class=\"wp-block-image\"><figure class=\"alignleft is-resized\"><img loading=\"lazy\" decoding=\"async\" src=\"http:\/\/www.farecentronews.com\/wp-content\/uploads\/2019\/12\/fiorella-mannoia.jpg\" alt=\"\" class=\"wp-image-6152\" width=\"357\" height=\"237\" srcset=\"https:\/\/www.farecentronews.com\/wp-content\/uploads\/2019\/12\/fiorella-mannoia.jpg 600w, https:\/\/www.farecentronews.com\/wp-content\/uploads\/2019\/12\/fiorella-mannoia-300x200.jpg 300w\" sizes=\"auto, (max-width: 357px) 100vw, 357px\" \/><\/figure><\/div>\n\n\n\n<p class=\"wp-block-paragraph\">Ma il Natale all&#8217;Auditorium non \u00e8 solo musica e spettacolo, ad integrare la ricchissima offerta musicale ritroveremo dall<strong>&#8216;8<\/strong> dicembre le <strong>Lezioni di Rock <\/strong>che si occuperanno dei<em> Beatles<\/em> e i <strong>Dialoghi matematici<\/strong>, sette appuntamenti dedicati alla matematica declinata al femminile in cui si parler\u00e0 delle grandi protagoniste da<em> Ildegarda di Bingen<\/em> a<em> Ipazia<\/em>, solo per citarne alcune. A completare il programma culturale la mostra<strong> 1696. L&#8217;anno della controcultura: parole, musica e immagini<\/strong> allestita dal<strong> 6 <\/strong>dicembre al<strong> 6<\/strong> gennaio nello spazio AuditoriumArte. <br><br><strong>Auditorium Parco della Musica<\/strong><br> Via Pietro de Coubertin, 30 , Roma<br>www.auditorium.com<\/p>\n\n\n\n<p class=\"wp-block-paragraph\"><\/p>\n","protected":false},"excerpt":{"rendered":"<p>I regali che quest&#8217;anno l&#8216;Auditorium offre per Natale a tutti coloro che passeranno le festivit\u00e0 in citt\u00e0 sono variegati e per tutti i gusti ed et\u00e0. Dal 10 dicembre riparte la quarta edizione di Retape, rassegna di nuove proposte della scena musicale romana mentre il giorno seguente, l&#8217;11 dicembre, appuntamento imperdibile per gli amanti del [&hellip;]<\/p>\n","protected":false},"author":3,"featured_media":6149,"comment_status":"closed","ping_status":"closed","sticky":false,"template":"","format":"standard","meta":{"footnotes":""},"categories":[32,5],"tags":[766,2245,2237,3174,239,2725,3179,179,3176,839,86,3173,3178,2241,602,3172,3064,83],"class_list":["post-6146","post","type-post","status-publish","format-standard","has-post-thumbnail","hentry","category-concerti","category-musica-spettacolo","tag-alex-britti","tag-ambrogio-sparagna","tag-auditorium","tag-baron","tag-carlo-valenti","tag-fiorella-mannoia","tag-gerardo-di-lella","tag-gigi-proietti","tag-gospel-festival","tag-grazia-di-michele","tag-in-evidenza","tag-johnson","tag-mariella-nava","tag-max-gazze","tag-nicola-piovani","tag-pieranunzi","tag-rossana-casale","tag-ultimissime"],"_links":{"self":[{"href":"https:\/\/www.farecentronews.com\/index.php?rest_route=\/wp\/v2\/posts\/6146","targetHints":{"allow":["GET"]}}],"collection":[{"href":"https:\/\/www.farecentronews.com\/index.php?rest_route=\/wp\/v2\/posts"}],"about":[{"href":"https:\/\/www.farecentronews.com\/index.php?rest_route=\/wp\/v2\/types\/post"}],"author":[{"embeddable":true,"href":"https:\/\/www.farecentronews.com\/index.php?rest_route=\/wp\/v2\/users\/3"}],"replies":[{"embeddable":true,"href":"https:\/\/www.farecentronews.com\/index.php?rest_route=%2Fwp%2Fv2%2Fcomments&post=6146"}],"version-history":[{"count":4,"href":"https:\/\/www.farecentronews.com\/index.php?rest_route=\/wp\/v2\/posts\/6146\/revisions"}],"predecessor-version":[{"id":6154,"href":"https:\/\/www.farecentronews.com\/index.php?rest_route=\/wp\/v2\/posts\/6146\/revisions\/6154"}],"wp:featuredmedia":[{"embeddable":true,"href":"https:\/\/www.farecentronews.com\/index.php?rest_route=\/wp\/v2\/media\/6149"}],"wp:attachment":[{"href":"https:\/\/www.farecentronews.com\/index.php?rest_route=%2Fwp%2Fv2%2Fmedia&parent=6146"}],"wp:term":[{"taxonomy":"category","embeddable":true,"href":"https:\/\/www.farecentronews.com\/index.php?rest_route=%2Fwp%2Fv2%2Fcategories&post=6146"},{"taxonomy":"post_tag","embeddable":true,"href":"https:\/\/www.farecentronews.com\/index.php?rest_route=%2Fwp%2Fv2%2Ftags&post=6146"}],"curies":[{"name":"wp","href":"https:\/\/api.w.org\/{rel}","templated":true}]}}