{"id":6124,"date":"2019-12-03T10:07:07","date_gmt":"2019-12-03T10:07:07","guid":{"rendered":"http:\/\/www.farecentronews.com\/?p=6124"},"modified":"2019-12-03T10:07:08","modified_gmt":"2019-12-03T10:07:08","slug":"roma-fashion-week-by-altaroma-torna-a-gennaio-2020-il-futuro-della-moda-e-green","status":"publish","type":"post","link":"https:\/\/www.farecentronews.com\/?p=6124","title":{"rendered":"Roma Fashion Week by AltaRoma torna a Gennaio 2020. Il futuro della Moda \u00e8 green"},"content":{"rendered":"\n<div class=\"wp-block-image\"><figure class=\"alignleft is-resized\"><img loading=\"lazy\" decoding=\"async\" src=\"http:\/\/www.farecentronews.com\/wp-content\/uploads\/2019\/12\/20190124_152744-1-1024x720.jpg\" alt=\"\" class=\"wp-image-6128\" width=\"347\" height=\"243\" srcset=\"https:\/\/www.farecentronews.com\/wp-content\/uploads\/2019\/12\/20190124_152744-1-1024x720.jpg 1024w, https:\/\/www.farecentronews.com\/wp-content\/uploads\/2019\/12\/20190124_152744-1-300x211.jpg 300w, https:\/\/www.farecentronews.com\/wp-content\/uploads\/2019\/12\/20190124_152744-1-768x540.jpg 768w\" sizes=\"auto, (max-width: 347px) 100vw, 347px\" \/><\/figure><\/div>\n\n\n\n<p class=\"wp-block-paragraph\"> <strong>Roma Fashion Week<\/strong> organizzata da <strong>Altaroma <\/strong>torna nella Capitale dal <strong>23 <\/strong>al <strong>26 Gennaio 2020 <\/strong>all&#8217;insegna dei nuovi talenti e dei marchi indipendenti. Una impostazione ormai consolidata da anni, che rinsalda AltaRoma come punto di incontro degli ultimi trend nel panorama della moda italiana, promotrice dei valori del <em>Made in Italy<\/em>, grazie anche al prezioso sostegno del <strong>Ministero dello Sviluppo Economico<\/strong> e dell\u2019<strong>Agenzia ICE<\/strong>. Nel calendario dell\u2019edizione invernale &#8211; ancora top secret \u2013 compaiono i vincitori e i finalisti della scorsa edizione di <strong>Who Is On Next?<\/strong>, il progetto di scouting realizzato in collaborazione con <strong>Vogue Italia<\/strong>; una nuova edizione del progetto <strong>Showcase Roma<\/strong> con ben 56 designer e le collezioni Autunno\/Inverno 2020-2021, splamate nelle quattro giornate di manifestazione; le <strong>startup <\/strong>e l\u2019<strong>eco-sostenibilit\u00e0<\/strong> della nuova moda. Un aspetto quest&#8217;ultimo molto importante anche nei giovani Stilisti, visto che grandi griffe come <strong>Stella McCartney<\/strong> e <strong>Vivian Westwood <\/strong>si sono gi\u00e0 convertite alla moda <em>green<\/em> nel rispetto della sostenibilit\u00e0 sociale e ambientale. In particolare, come illustrato nella recente conferenza presso<em> Etru Roma<\/em><strong> \u201cModa e coscienza di s\u00e9\u201d<\/strong>, l&#8217;attenzione \u00e8 gi\u00e0 volta a: sostenibilit\u00e0 nell&#8217;approvvigionamento delle risorse e dei materiali; riduzione della temperatura dei macchinari tessili; attenzione al consumo elettrico e di acqua; processi di lavorazione produzione e distribuzione rispettosi dell&#8217;ecologia; sostenibilit\u00e0 sociale nei confronti dei lavoratori; campagne di sensibilizzazione (fonte: Mauro Ferraresi, talk Moda e coscienza di s\u00e9, 20 Novembre 2019). Il futuro della Moda, finalmente, \u00e8 sempre pi\u00f9 verde. <em>(ph_Marina De Benedictis, tutti i diritti riservati: dettagli delle passate edizioni della kermesse)<\/em><\/p>\n\n\n\n<p class=\"wp-block-paragraph\"> <a href=\"http:\/\/www.altaroma.it\/\"><strong>www.altaroma.it<\/strong><\/a><br><a href=\"http:\/\/www.dressthechamge.org\/\"><strong>www.dressthechamge.org<\/strong><\/a><\/p>\n","protected":false},"excerpt":{"rendered":"<p>Roma Fashion Week organizzata da Altaroma torna nella Capitale dal 23 al 26 Gennaio 2020 all&#8217;insegna dei nuovi talenti e dei marchi indipendenti. Una impostazione ormai consolidata da anni, che rinsalda AltaRoma come punto di incontro degli ultimi trend nel panorama della moda italiana, promotrice dei valori del Made in Italy, grazie anche al prezioso [&hellip;]<\/p>\n","protected":false},"author":4,"featured_media":6127,"comment_status":"closed","ping_status":"closed","sticky":false,"template":"","format":"standard","meta":{"footnotes":""},"categories":[35,1],"tags":[171,86,243,3165,1666,83,3166,173],"class_list":["post-6124","post","type-post","status-publish","format-standard","has-post-thumbnail","hentry","category-fashion-news","category-moda-shopping","tag-altaroma","tag-in-evidenza","tag-marina-de-benedictis","tag-roma-fashion-week","tag-stella-mccartney","tag-ultimissime","tag-vivian-westwood","tag-vogue-italia"],"_links":{"self":[{"href":"https:\/\/www.farecentronews.com\/index.php?rest_route=\/wp\/v2\/posts\/6124","targetHints":{"allow":["GET"]}}],"collection":[{"href":"https:\/\/www.farecentronews.com\/index.php?rest_route=\/wp\/v2\/posts"}],"about":[{"href":"https:\/\/www.farecentronews.com\/index.php?rest_route=\/wp\/v2\/types\/post"}],"author":[{"embeddable":true,"href":"https:\/\/www.farecentronews.com\/index.php?rest_route=\/wp\/v2\/users\/4"}],"replies":[{"embeddable":true,"href":"https:\/\/www.farecentronews.com\/index.php?rest_route=%2Fwp%2Fv2%2Fcomments&post=6124"}],"version-history":[{"count":4,"href":"https:\/\/www.farecentronews.com\/index.php?rest_route=\/wp\/v2\/posts\/6124\/revisions"}],"predecessor-version":[{"id":6130,"href":"https:\/\/www.farecentronews.com\/index.php?rest_route=\/wp\/v2\/posts\/6124\/revisions\/6130"}],"wp:featuredmedia":[{"embeddable":true,"href":"https:\/\/www.farecentronews.com\/index.php?rest_route=\/wp\/v2\/media\/6127"}],"wp:attachment":[{"href":"https:\/\/www.farecentronews.com\/index.php?rest_route=%2Fwp%2Fv2%2Fmedia&parent=6124"}],"wp:term":[{"taxonomy":"category","embeddable":true,"href":"https:\/\/www.farecentronews.com\/index.php?rest_route=%2Fwp%2Fv2%2Fcategories&post=6124"},{"taxonomy":"post_tag","embeddable":true,"href":"https:\/\/www.farecentronews.com\/index.php?rest_route=%2Fwp%2Fv2%2Ftags&post=6124"}],"curies":[{"name":"wp","href":"https:\/\/api.w.org\/{rel}","templated":true}]}}