{"id":6114,"date":"2019-12-12T11:43:31","date_gmt":"2019-12-12T11:43:31","guid":{"rendered":"http:\/\/www.farecentronews.com\/?p=6114"},"modified":"2019-12-13T11:09:59","modified_gmt":"2019-12-13T11:09:59","slug":"magico-natale-con-abracadabra-al-teatro-ghione-quando-la-solidarieta-diventa-magia","status":"publish","type":"post","link":"https:\/\/www.farecentronews.com\/?p=6114","title":{"rendered":"Magico Natale con Abracadabra al Teatro Ghione. Quando la solidariet\u00e0 diventa mag\u00eca."},"content":{"rendered":"\n<div class=\"wp-block-image\"><figure class=\"alignleft is-resized\"><img loading=\"lazy\" decoding=\"async\" src=\"http:\/\/www.farecentronews.com\/wp-content\/uploads\/2019\/11\/abracadabra1.jpg\" alt=\"\" class=\"wp-image-6118\" width=\"350\" height=\"197\" srcset=\"https:\/\/www.farecentronews.com\/wp-content\/uploads\/2019\/11\/abracadabra1.jpg 700w, https:\/\/www.farecentronews.com\/wp-content\/uploads\/2019\/11\/abracadabra1-300x169.jpg 300w\" sizes=\"auto, (max-width: 350px) 100vw, 350px\" \/><\/figure><\/div>\n\n\n\n<p class=\"wp-block-paragraph\">A Natale si sa diventiamo tutti pi\u00f9 buoni, allora che c&#8217;\u00e8 di meglio di abbinare ad un gesto di solidariet\u00e0 uno spettacolo senza tempo per grandi e piccoli? Per questo \u00e8 nato <strong>Abracadabra<\/strong>, un evento che ospita alcuni fra i pi\u00f9 famosi illusionisti internazionali  in scena dal<strong> 26 al 29 Dicembre<\/strong> al <strong>Teatro Ghione<\/strong> di Roma e il cui ricavato verr\u00e0 devoluto a <strong>Uniphelan<\/strong> (associazione che d\u00e0 sostegno ai malati della sindrome di Phelan Mc Dermid) e<strong> Antas Onlus<\/strong> ( che da 14 anni promuove la<em> clownterapia<\/em> nei maggiori ospedali capitolini). Dopo il sold out della passata edizione, torna quindi a Roma l&#8217;appuntamento con la magia, e in questa edizione salir\u00e0 sul palco per la prima volta in Italia,<strong> Benny Hiu Yeung Li<\/strong> da Honk Kong con le sue innovative tecniche di manipolazione. Sar\u00e0 poi la volta dell&#8217;illusionista <strong>Jaime Figueroa<\/strong> che, giunto direttamente dalla Spagna, ci stupir\u00e0 con un numero tra il comico e il poetico. Seguir\u00e0 il Campione italiano di Magia <strong>Mirco Melegatti<\/strong> che ci incanter\u00e0 con le sue  magiche tortorelle.<strong> Luca Lombardo<\/strong>, un trasformista erede di Fregoli che riesce a cambiarsi d&#8217;abito in soli due secondi. Proseguiremo con<strong> Alberto Giorgi e Laura <\/strong>vincitori di importanti riconoscimenti internazionali e reduci da un grande successo a Broadway. <\/p>\n\n\n\n<div class=\"wp-block-image\"><figure class=\"alignright is-resized\"><img loading=\"lazy\" decoding=\"async\" src=\"http:\/\/www.farecentronews.com\/wp-content\/uploads\/2019\/11\/Aggiungi-un-sottotitolo-102.jpg\" alt=\"\" class=\"wp-image-6119\" width=\"359\" height=\"202\" srcset=\"https:\/\/www.farecentronews.com\/wp-content\/uploads\/2019\/11\/Aggiungi-un-sottotitolo-102.jpg 700w, https:\/\/www.farecentronews.com\/wp-content\/uploads\/2019\/11\/Aggiungi-un-sottotitolo-102-300x169.jpg 300w\" sizes=\"auto, (max-width: 359px) 100vw, 359px\" \/><\/figure><\/div>\n\n\n\n<p class=\"wp-block-paragraph\">Restando in ambito di magia, non poteva mancare la magica voce del soprano<strong> Yasko Fujii<\/strong>, apprezzata in Italia e all&#8217;estero, a cui quest&#8217;anno \u00e8 affidato il compito di rivestire le illusioni di musica. Sar\u00e0 lei la colonna sonora dello spettacolo. Per la gioia dei pi\u00f9 piccoli salir\u00e0 poi sul palco <strong>Gigi Speciale<\/strong> con i suoi deliziosi pappagalli. La conduzione della serata \u00e8 affidata ai <strong>Disguido<\/strong>, un duo esuberante ed eccentrico che si esibisce in tutto il mondo con un numero di Cinema e Magia. Abracadabra \u00e8 nato con lo scopo non solo di riportare in teatro, come si faceva un tempo, l&#8217;arte dell&#8217;illusionismo, ma anche di sostenere i meno fortunati di noi nel dar loro un aiuto reale in pieno spirito natalizio.<\/p>\n\n\n\n<p class=\"wp-block-paragraph\"><strong><em>Dal 26 al 29 Dicembre 2019<\/em><\/strong><br><strong>Abracadabra \u2013 la notte dei miracoli<\/strong><br>Teatro Ghione<br>via delle Fornaci, 37 \u2013 Roma<br>www.teatroghione.it<\/p>\n","protected":false},"excerpt":{"rendered":"<p>A Natale si sa diventiamo tutti pi\u00f9 buoni, allora che c&#8217;\u00e8 di meglio di abbinare ad un gesto di solidariet\u00e0 uno spettacolo senza tempo per grandi e piccoli? Per questo \u00e8 nato Abracadabra, un evento che ospita alcuni fra i pi\u00f9 famosi illusionisti internazionali in scena dal 26 al 29 Dicembre al Teatro Ghione di [&hellip;]<\/p>\n","protected":false},"author":3,"featured_media":6117,"comment_status":"closed","ping_status":"closed","sticky":true,"template":"","format":"standard","meta":{"footnotes":""},"categories":[5,33],"tags":[3154,3162,3157,3158,239,3164,3163,86,3159,3161,3160,3155,3156,417],"class_list":["post-6114","post","type-post","status-publish","format-standard","has-post-thumbnail","hentry","category-musica-spettacolo","category-teatro","tag-abracadabra","tag-alberto-giorgi-e-laura","tag-antas-onlus","tag-benny-hiu-yeung-li","tag-carlo-valenti","tag-disguido","tag-gigi-speciale","tag-in-evidenza","tag-jaime-figueroa","tag-luca-lombardo","tag-mirco-melegatti","tag-teatro-ghione","tag-uniphelan","tag-yasko-fujii"],"_links":{"self":[{"href":"https:\/\/www.farecentronews.com\/index.php?rest_route=\/wp\/v2\/posts\/6114","targetHints":{"allow":["GET"]}}],"collection":[{"href":"https:\/\/www.farecentronews.com\/index.php?rest_route=\/wp\/v2\/posts"}],"about":[{"href":"https:\/\/www.farecentronews.com\/index.php?rest_route=\/wp\/v2\/types\/post"}],"author":[{"embeddable":true,"href":"https:\/\/www.farecentronews.com\/index.php?rest_route=\/wp\/v2\/users\/3"}],"replies":[{"embeddable":true,"href":"https:\/\/www.farecentronews.com\/index.php?rest_route=%2Fwp%2Fv2%2Fcomments&post=6114"}],"version-history":[{"count":4,"href":"https:\/\/www.farecentronews.com\/index.php?rest_route=\/wp\/v2\/posts\/6114\/revisions"}],"predecessor-version":[{"id":6122,"href":"https:\/\/www.farecentronews.com\/index.php?rest_route=\/wp\/v2\/posts\/6114\/revisions\/6122"}],"wp:featuredmedia":[{"embeddable":true,"href":"https:\/\/www.farecentronews.com\/index.php?rest_route=\/wp\/v2\/media\/6117"}],"wp:attachment":[{"href":"https:\/\/www.farecentronews.com\/index.php?rest_route=%2Fwp%2Fv2%2Fmedia&parent=6114"}],"wp:term":[{"taxonomy":"category","embeddable":true,"href":"https:\/\/www.farecentronews.com\/index.php?rest_route=%2Fwp%2Fv2%2Fcategories&post=6114"},{"taxonomy":"post_tag","embeddable":true,"href":"https:\/\/www.farecentronews.com\/index.php?rest_route=%2Fwp%2Fv2%2Ftags&post=6114"}],"curies":[{"name":"wp","href":"https:\/\/api.w.org\/{rel}","templated":true}]}}