{"id":604,"date":"2015-05-26T13:49:55","date_gmt":"2015-05-26T13:49:55","guid":{"rendered":"http:\/\/www.farecentro.gaetanobruno.eu\/?p=604"},"modified":"2015-05-27T12:55:17","modified_gmt":"2015-05-27T12:55:17","slug":"museo-di-roma-palazzo-braschi","status":"publish","type":"post","link":"https:\/\/www.farecentronews.com\/?p=604","title":{"rendered":"Museo di Roma &#8211; Palazzo Braschi"},"content":{"rendered":"<p><a href=\"http:\/\/www.farecentronews.com\/wp-content\/uploads\/2015\/05\/palazzo_braschi_slideshow.jpg\"><img loading=\"lazy\" decoding=\"async\" class=\"alignleft size-medium wp-image-609\" src=\"http:\/\/www.farecentronews.com\/wp-content\/uploads\/2015\/05\/palazzo_braschi_slideshow-300x156.jpg\" alt=\"palazzo_braschi_slideshow\" width=\"300\" height=\"156\" srcset=\"https:\/\/www.farecentronews.com\/wp-content\/uploads\/2015\/05\/palazzo_braschi_slideshow-300x156.jpg 300w, https:\/\/www.farecentronews.com\/wp-content\/uploads\/2015\/05\/palazzo_braschi_slideshow.jpg 675w\" sizes=\"auto, (max-width: 300px) 100vw, 300px\" \/><\/a>Situato\u00a0nel cuore rinascimentale di Roma, tra <em>Piazza Navona<\/em> e <em>Corso Vittorio Emanuele II<\/em>,\u00a0palazzo<em><strong> Braschi<\/strong><\/em> viene progettato dall&#8217;architetto imolese<em><strong> Cosimo Morelli<\/strong> <\/em>(1732-1812) per incarico di<em><strong> Papa Pio VI<\/strong><\/em> (1775 &#8211; 1799) che vuol farne dono al nipote, <em><strong>Luigi Braschi Onesti<\/strong><\/em>. Dal 1952 \u00e8 sede del<strong>\u00a0Museo di Roma<\/strong>\u00a0ma soltanto nel 1990 la propriet\u00e0 del palazzo passa all\u2019Amministrazione capitolina.\u00a0L\u2019esposizione permanente\u00a0occupa il primo e il secondo piano del palazzo, mentre le\u00a0mostre temporanee\u00a0sono ospitate in due sale con ingresso autonomo al piano terra (direttamente dal cortile) e in altre riservate all\u2019interno del palazzo. <a href=\"http:\/\/www.farecentronews.com\/wp-content\/uploads\/2015\/05\/Palazzo_Braschi_Roma.jpg\"><img loading=\"lazy\" decoding=\"async\" class=\"alignright size-medium wp-image-610\" src=\"http:\/\/www.farecentronews.com\/wp-content\/uploads\/2015\/05\/Palazzo_Braschi_Roma-225x300.jpg\" alt=\"Palazzo_Braschi_(Roma)\" width=\"225\" height=\"300\" srcset=\"https:\/\/www.farecentronews.com\/wp-content\/uploads\/2015\/05\/Palazzo_Braschi_Roma-225x300.jpg 225w, https:\/\/www.farecentronews.com\/wp-content\/uploads\/2015\/05\/Palazzo_Braschi_Roma-768x1024.jpg 768w, https:\/\/www.farecentronews.com\/wp-content\/uploads\/2015\/05\/Palazzo_Braschi_Roma.jpg 1704w\" sizes=\"auto, (max-width: 225px) 100vw, 225px\" \/><\/a>Al piano terra sono attivi un\u00a0punto\u00a0di\u00a0consultazione\u00a0(biblioteca\u00a0specializzata su Roma e postazioni collegate alla banca dati delle collezioni museali) e una\u00a0multimedia room\u00a0(applicazioni di semplice utilizzo per un approccio innovativo al patrimonio artistico).\u00a0Il <strong>Museo di Roma<\/strong>, per la ricchezza e la vastit\u00e0 delle sue collezioni, \u00e8 l\u2019istituzione pi\u00f9 significativa per la conoscenza della storia sociale e delle attivit\u00e0 artistiche a Roma dal medioevo agli inizi del novecento. Vi si conservano pi\u00f9 di centomila opere \u2013 tra dipinti, disegni, sculture, incisioni, fotografie, mobili, abiti, ceramiche, carrozze e portantine, elementi architettonici e affreschi salvati dalle demolizioni \u2013 molte delle quali esposte a rotazione. Nel centro di documentazione multimediale del museo \u00e8 consultabile la banca dati dell\u2019intera collezione. Rilevante \u00e8 la serie di dipinti realizzati tra il Cinquecento e l\u2019Ottocento per celebrare cerimonie e feste religiose.<\/p>\n<p><strong>Museo di Roma<\/strong><br \/>\nPiazza San Pantaleo, 10, Roma<br \/>\norari: 09:00\/19:00<\/p>\n<p>[wpgmza id=&#8221;11&#8243;]<\/p>\n","protected":false},"excerpt":{"rendered":"<p>Situato\u00a0nel cuore rinascimentale di Roma, tra Piazza Navona e Corso Vittorio Emanuele II,\u00a0palazzo Braschi viene progettato dall&#8217;architetto imolese Cosimo Morelli (1732-1812) per incarico di Papa Pio VI (1775 &#8211; 1799) che vuol farne dono al nipote, Luigi Braschi Onesti. Dal 1952 \u00e8 sede del\u00a0Museo di Roma\u00a0ma soltanto nel 1990 la propriet\u00e0 del palazzo passa all\u2019Amministrazione [&hellip;]<\/p>\n","protected":false},"author":5,"featured_media":0,"comment_status":"open","ping_status":"open","sticky":false,"template":"","format":"standard","meta":{"footnotes":""},"categories":[130],"tags":[],"class_list":["post-604","post","type-post","status-publish","format-standard","hentry","category-musei"],"_links":{"self":[{"href":"https:\/\/www.farecentronews.com\/index.php?rest_route=\/wp\/v2\/posts\/604","targetHints":{"allow":["GET"]}}],"collection":[{"href":"https:\/\/www.farecentronews.com\/index.php?rest_route=\/wp\/v2\/posts"}],"about":[{"href":"https:\/\/www.farecentronews.com\/index.php?rest_route=\/wp\/v2\/types\/post"}],"author":[{"embeddable":true,"href":"https:\/\/www.farecentronews.com\/index.php?rest_route=\/wp\/v2\/users\/5"}],"replies":[{"embeddable":true,"href":"https:\/\/www.farecentronews.com\/index.php?rest_route=%2Fwp%2Fv2%2Fcomments&post=604"}],"version-history":[{"count":6,"href":"https:\/\/www.farecentronews.com\/index.php?rest_route=\/wp\/v2\/posts\/604\/revisions"}],"predecessor-version":[{"id":644,"href":"https:\/\/www.farecentronews.com\/index.php?rest_route=\/wp\/v2\/posts\/604\/revisions\/644"}],"wp:attachment":[{"href":"https:\/\/www.farecentronews.com\/index.php?rest_route=%2Fwp%2Fv2%2Fmedia&parent=604"}],"wp:term":[{"taxonomy":"category","embeddable":true,"href":"https:\/\/www.farecentronews.com\/index.php?rest_route=%2Fwp%2Fv2%2Fcategories&post=604"},{"taxonomy":"post_tag","embeddable":true,"href":"https:\/\/www.farecentronews.com\/index.php?rest_route=%2Fwp%2Fv2%2Ftags&post=604"}],"curies":[{"name":"wp","href":"https:\/\/api.w.org\/{rel}","templated":true}]}}