{"id":592,"date":"2015-05-26T12:43:27","date_gmt":"2015-05-26T12:43:27","guid":{"rendered":"http:\/\/www.farecentro.gaetanobruno.eu\/?p=592"},"modified":"2016-07-18T09:00:29","modified_gmt":"2016-07-18T09:00:29","slug":"il-chiostro-del-bramante","status":"publish","type":"post","link":"https:\/\/www.farecentronews.com\/?p=592","title":{"rendered":"Il Chiostro del Bramante"},"content":{"rendered":"<p>Il Chiostro \u00e8 opera dell&#8217;architetto<em><strong> Donato Bramante<\/strong><\/em> (1444-1515) e gli fu commissionato dal cardinale<em> Oliviero Carafa<\/em> intorno al 1500. Il Chiostro \u00e8 una costruzione di raffinata eleganza e linearit\u00e0 e l&#8217;architettura, com&#8217;\u00e8 tipico del Rinascimento, prende ispirazione dalla classicit\u00e0. Eretto su uno schema quadrato, il Chiostro \u00e8 costituito da due ordini sovrapposti: un ampio portico a quattro archi per ogni lato con pilastri in stile ionico dotati di capitello e base (<em>paraste<\/em>), coperture a volta, e un loggiato superiore in stile composito. In questo spazio erano distribuiti gli ambienti per la vita collettiva al piano terreno e gli spazi abitativi al primo piano, ora trasformati in aree di attivit\u00e0 culturali. Il Chiostro accoglie con il suo inconfondibile ed armonico stile tutti gli ospiti degli eventi, i visitatori delle mostre, gli avventori della caffetteria diventando soglia ideale per essere proiettati nel mondo sempre ricco di sorprendenti iniziative del<em><strong> Dart<\/strong><\/em>.<br \/>\n<em><strong>Spazi museali<\/strong><\/em> \u2013 una superficie complessiva di 1000 mq che si sviluppa su due piani ed ospita abitualmente le prestigiose produzioni del Dart.<br \/>\n<em><strong>Loggiato\/Up Side<\/strong><\/em> &#8211; Situato al primo piano del complesso il \u201cloggiato\u201d ospita abitualmente la zona all&#8217;aperto di pertinenza della caffetteria. Lo spazio superiore all&#8217;esterno UP &#8211; SIDE , \u00e8 inoltre luogo privilegiato per eventi aziendali e feste private, nonch\u00e9 palcoscenico ideale per performance musicali ed artistiche.<br \/>\n<em><strong>Caffetteria\/Bistrot \u201cLe Sibille\u201d<\/strong><\/em> &#8211; La caffetteria pur conservando il suo carattere di luogo di relax dove si possono gustare le prelibatezze dei ricercati menu stagionali si pone come vetrina cangiante per talenti e giovani artisti, che dopo una selezione accurata della direzione artistica del Dart si guadagnano la possibilit\u00e0 di esporre in contemporanea con le mostre pi\u00f9 blasonate degli spazi museali.<\/p>\n<p><strong>CHIOSTRO DEL BRAMANTE<\/strong> | Via Arco della Pace, 5 &#8211; 00186 Roma<\/p>\n<p>Il Chiostro del Bramante \u00e8 aperto tutti i giorni**:<br \/>\nLUN &#8211; VEN 10.00 &#8211; 20.00*<br \/>\nSAB &#8211; DOM 10.00 &#8211; 21.00*<\/p>\n<p>*La bigliettteria chiude una ora prima<br \/>\nInfoline Mostre T [+39] 06 916 508 451<\/p>\n<p>**La Caffetteria Bistrot, il Bookshop e lo Store del Chiostro hanno ingresso libero indipendentemente dalle mostre<\/p>\n<p>info@chiostrodelbramante.it<\/p>\n<p>[wpgmza id=&#8221;3&#8243;]<\/p>\n","protected":false},"excerpt":{"rendered":"<p>Il Chiostro \u00e8 opera dell&#8217;architetto Donato Bramante (1444-1515) e gli fu commissionato dal cardinale Oliviero Carafa intorno al 1500. Il Chiostro \u00e8 una costruzione di raffinata eleganza e linearit\u00e0 e l&#8217;architettura, com&#8217;\u00e8 tipico del Rinascimento, prende ispirazione dalla classicit\u00e0. Eretto su uno schema quadrato, il Chiostro \u00e8 costituito da due ordini sovrapposti: un ampio portico [&hellip;]<\/p>\n","protected":false},"author":5,"featured_media":596,"comment_status":"open","ping_status":"open","sticky":false,"template":"","format":"standard","meta":{"footnotes":""},"categories":[130],"tags":[69],"class_list":["post-592","post","type-post","status-publish","format-standard","has-post-thumbnail","hentry","category-musei","tag-chiostro-del-bramante"],"_links":{"self":[{"href":"https:\/\/www.farecentronews.com\/index.php?rest_route=\/wp\/v2\/posts\/592","targetHints":{"allow":["GET"]}}],"collection":[{"href":"https:\/\/www.farecentronews.com\/index.php?rest_route=\/wp\/v2\/posts"}],"about":[{"href":"https:\/\/www.farecentronews.com\/index.php?rest_route=\/wp\/v2\/types\/post"}],"author":[{"embeddable":true,"href":"https:\/\/www.farecentronews.com\/index.php?rest_route=\/wp\/v2\/users\/5"}],"replies":[{"embeddable":true,"href":"https:\/\/www.farecentronews.com\/index.php?rest_route=%2Fwp%2Fv2%2Fcomments&post=592"}],"version-history":[{"count":4,"href":"https:\/\/www.farecentronews.com\/index.php?rest_route=\/wp\/v2\/posts\/592\/revisions"}],"predecessor-version":[{"id":643,"href":"https:\/\/www.farecentronews.com\/index.php?rest_route=\/wp\/v2\/posts\/592\/revisions\/643"}],"wp:featuredmedia":[{"embeddable":true,"href":"https:\/\/www.farecentronews.com\/index.php?rest_route=\/wp\/v2\/media\/596"}],"wp:attachment":[{"href":"https:\/\/www.farecentronews.com\/index.php?rest_route=%2Fwp%2Fv2%2Fmedia&parent=592"}],"wp:term":[{"taxonomy":"category","embeddable":true,"href":"https:\/\/www.farecentronews.com\/index.php?rest_route=%2Fwp%2Fv2%2Fcategories&post=592"},{"taxonomy":"post_tag","embeddable":true,"href":"https:\/\/www.farecentronews.com\/index.php?rest_route=%2Fwp%2Fv2%2Ftags&post=592"}],"curies":[{"name":"wp","href":"https:\/\/api.w.org\/{rel}","templated":true}]}}