{"id":5816,"date":"2019-06-04T17:13:04","date_gmt":"2019-06-04T17:13:04","guid":{"rendered":"http:\/\/www.farecentronews.com\/?p=5816"},"modified":"2019-06-04T17:13:06","modified_gmt":"2019-06-04T17:13:06","slug":"zero-il-folle-tour-a-roma-in-arrivo-i-concerti-live-di-renato-zero","status":"publish","type":"post","link":"https:\/\/www.farecentronews.com\/?p=5816","title":{"rendered":"Zero il folle Tour a Roma. In arrivo i concerti live di Renato Zero"},"content":{"rendered":"\n<div class=\"wp-block-image\"><figure class=\"alignleft is-resized\"><img loading=\"lazy\" decoding=\"async\" src=\"http:\/\/www.farecentronews.com\/wp-content\/uploads\/2019\/06\/ZEROILFOLLE_2-b.jpg\" alt=\"\" class=\"wp-image-5819\" width=\"319\" height=\"304\" srcset=\"https:\/\/www.farecentronews.com\/wp-content\/uploads\/2019\/06\/ZEROILFOLLE_2-b.jpg 900w, https:\/\/www.farecentronews.com\/wp-content\/uploads\/2019\/06\/ZEROILFOLLE_2-b-300x287.jpg 300w, https:\/\/www.farecentronews.com\/wp-content\/uploads\/2019\/06\/ZEROILFOLLE_2-b-768x735.jpg 768w\" sizes=\"auto, (max-width: 319px) 100vw, 319px\" \/><\/figure><\/div>\n\n\n\n<p class=\"wp-block-paragraph\"> Mentre in radio gira il singolo \u201c<em>Mai pi\u00f9 da soli<\/em>\u201d, e in attesa del nuovo album \u201c<strong><em>Zero il folle<\/em><\/strong>\u201d che uscir\u00e0 ad ottobre, sono gi\u00e0 aperte le prevendite e sold out le prime date del tour di <strong>Renato Zero <\/strong>programmate a Roma (il 1\u00b0, il 3, il 4 e il 6 novembre). E&#8217; per questo che la produzione ha gi\u00e0 annunciato nuove serate l&#8217;8 e il 9 novembre al Palazzo dello Sport nella Capitale, dove l&#8217;Artista \u00e8 molto amato, per poi proseguire il tour nel resto di Italia in numerose date. Uno show che si preannuncia esuberante e pieno di sorprese, con l&#8217;interpretazione dei brani storici di Renatino ma anche della sua nuova opera in uscita a ottobre. Il singolo estrapolato, attualmente on air, \u00e8 stato registrato a Londra con gli arrangiamenti di<strong> Trevor Horn<\/strong>, col quale Renato aveva gi\u00e0 collaborato nel 2013 in \u201cAmo\u201d. Online anche il suggestivo video relativo a \u201cMai pi\u00f9 soli\u201d, che segna un&#8217;altra tappa della carriera dell&#8217;Artista dopo ben oltre 50 anni di esibizioni, 45 milioni di dischi venduti e pi\u00f9 di 500 canzoni pubblicate. Perch\u00e9 folle \u00e8 chi sogna, chi \u00e8 libero, chi provoca, chi cambia. <em>(ph_courtesy of Parole&amp;Dintorni Press Office)<\/em><\/p>\n\n\n\n<div class=\"wp-block-image\"><figure class=\"alignright is-resized\"><img loading=\"lazy\" decoding=\"async\" src=\"http:\/\/www.farecentronews.com\/wp-content\/uploads\/2019\/06\/ZEROILFOLLE_3-b.jpg\" alt=\"\" class=\"wp-image-5821\" width=\"300\" height=\"286\" srcset=\"https:\/\/www.farecentronews.com\/wp-content\/uploads\/2019\/06\/ZEROILFOLLE_3-b.jpg 600w, https:\/\/www.farecentronews.com\/wp-content\/uploads\/2019\/06\/ZEROILFOLLE_3-b-300x287.jpg 300w\" sizes=\"auto, (max-width: 300px) 100vw, 300px\" \/><\/figure><\/div>\n\n\n\n<p class=\"wp-block-paragraph\"> Prevendite: sito ufficiale di Renato Zero (<a rel=\"noreferrer noopener\" href=\"http:\/\/www.renatozero.com\/\" target=\"_blank\"><strong>www.renatozero.com<\/strong><\/a>); sito <strong>Vivaticket.it<\/strong> e nei punti vendita autorizzati Vivaticket.  <br><strong>A<\/strong>udio: <em> <\/em><a rel=\"noreferrer noopener\" href=\"https:\/\/tatticasrl.lnk.to\/maipiudasoli\" target=\"_blank\"><strong>https:\/\/tatticasrl.lnk.to\/maipiudasoli<\/strong><\/a><br>Video: <a href=\"https:\/\/youtu.be\/2v44uEQiixs\"><strong>https:\/\/youtu.be\/2v44uEQiixs<\/strong><\/a><br><strong>Zero il Folle Tour 2019_ le date<\/strong><br>1 novembre &#8211; PALAZZO DELLO SPORT di ROMA (SOLD OUT)<br>3 novembre &#8211; PALAZZO DELLO SPORT di ROMA (SOLD OUT)<br>4 novembre &#8211; PALAZZO DELLO SPORT di ROMA (SOLD OUT)<br>6 novembre &#8211; PALAZZO DELLO SPORT di ROMA (SOLD OUT)<br>8 novembre &#8211; PALAZZO DELLO SPORT di ROMA &#8211; NUOVA DATA<br>9 novembre &#8211; PALAZZO DELLO SPORT di ROMA &#8211; NUOVA DATA<br>14novembre &#8211; Mandela Forum di FIRENZE<br>15 novembre &#8211; Mandela Forum di FIRENZE<br>18 novembre &#8211; Grana Padano Arena di MANTOVA<br>19 novembre &#8211; Grana Padano Arena di MANTOVA<br>23 novembre &#8211; Vitrifrigo Arena di PESARO<br>24 novembre &#8211; Vitrifrigo Arena di PESARO<br>7 dicembre &#8211; Modigliani Forum di LIVORNO<br>8 dicembre &#8211; Modigliani Forum di LIVORNO<br>14 dicembre &#8211; Pala Alpitour di TORINO<br>15 dicembre &#8211; Pala Alpitour di TORINO  <br>21 dicembre &#8211; Unipol Arena di BOLOGNA<br>22 dicembre &#8211; Unipol Arena di BOLOGNA  <br>11 gennaio &#8211; Mediolanum Forum di MILANO<br>12 gennaio &#8211; Mediolanum Forum di MILANO<br>18 gennaio &#8211; Palasele di EBOLI<br>19 gennaio &#8211; Palasele di EBOLI<br>23 gennaio &#8211; Palaflorio di BARI (SOLD OUT)<br>25 gennaio &#8211; Palaflorio di BARI (SOLD OUT)<br>26 gennaio &#8211; Palaflorio di BARI &#8211; NUOVA DATA<\/p>\n","protected":false},"excerpt":{"rendered":"<p>Mentre in radio gira il singolo \u201cMai pi\u00f9 da soli\u201d, e in attesa del nuovo album \u201cZero il folle\u201d che uscir\u00e0 ad ottobre, sono gi\u00e0 aperte le prevendite e sold out le prime date del tour di Renato Zero programmate a Roma (il 1\u00b0, il 3, il 4 e il 6 novembre). E&#8217; per questo [&hellip;]<\/p>\n","protected":false},"author":7,"featured_media":5818,"comment_status":"closed","ping_status":"closed","sticky":false,"template":"","format":"standard","meta":{"footnotes":""},"categories":[32,5],"tags":[86,2968,2966,2967,2969],"class_list":["post-5816","post","type-post","status-publish","format-standard","has-post-thumbnail","hentry","category-concerti","category-musica-spettacolo","tag-in-evidenza","tag-mai-piu-da-soli","tag-renato-zero","tag-trevor-horn","tag-zero-il-folle"],"_links":{"self":[{"href":"https:\/\/www.farecentronews.com\/index.php?rest_route=\/wp\/v2\/posts\/5816","targetHints":{"allow":["GET"]}}],"collection":[{"href":"https:\/\/www.farecentronews.com\/index.php?rest_route=\/wp\/v2\/posts"}],"about":[{"href":"https:\/\/www.farecentronews.com\/index.php?rest_route=\/wp\/v2\/types\/post"}],"author":[{"embeddable":true,"href":"https:\/\/www.farecentronews.com\/index.php?rest_route=\/wp\/v2\/users\/7"}],"replies":[{"embeddable":true,"href":"https:\/\/www.farecentronews.com\/index.php?rest_route=%2Fwp%2Fv2%2Fcomments&post=5816"}],"version-history":[{"count":5,"href":"https:\/\/www.farecentronews.com\/index.php?rest_route=\/wp\/v2\/posts\/5816\/revisions"}],"predecessor-version":[{"id":5824,"href":"https:\/\/www.farecentronews.com\/index.php?rest_route=\/wp\/v2\/posts\/5816\/revisions\/5824"}],"wp:featuredmedia":[{"embeddable":true,"href":"https:\/\/www.farecentronews.com\/index.php?rest_route=\/wp\/v2\/media\/5818"}],"wp:attachment":[{"href":"https:\/\/www.farecentronews.com\/index.php?rest_route=%2Fwp%2Fv2%2Fmedia&parent=5816"}],"wp:term":[{"taxonomy":"category","embeddable":true,"href":"https:\/\/www.farecentronews.com\/index.php?rest_route=%2Fwp%2Fv2%2Fcategories&post=5816"},{"taxonomy":"post_tag","embeddable":true,"href":"https:\/\/www.farecentronews.com\/index.php?rest_route=%2Fwp%2Fv2%2Ftags&post=5816"}],"curies":[{"name":"wp","href":"https:\/\/api.w.org\/{rel}","templated":true}]}}