{"id":5703,"date":"2019-04-08T13:00:35","date_gmt":"2019-04-08T13:00:35","guid":{"rendered":"http:\/\/www.farecentronews.com\/?p=5703"},"modified":"2019-04-08T13:00:36","modified_gmt":"2019-04-08T13:00:36","slug":"national-geographic-festival-delle-scienze-allauditorium","status":"publish","type":"post","link":"https:\/\/www.farecentronews.com\/?p=5703","title":{"rendered":"National Geographic Festival delle Scienze all&#8217;Auditorium"},"content":{"rendered":"\n<div class=\"wp-block-image\"><figure class=\"alignleft is-resized\"><img loading=\"lazy\" decoding=\"async\" src=\"http:\/\/www.farecentronews.com\/wp-content\/uploads\/2019\/04\/PbrcZ10I.jpg\" alt=\"\" class=\"wp-image-5707\" width=\"387\" height=\"257\" srcset=\"https:\/\/www.farecentronews.com\/wp-content\/uploads\/2019\/04\/PbrcZ10I.jpg 700w, https:\/\/www.farecentronews.com\/wp-content\/uploads\/2019\/04\/PbrcZ10I-300x200.jpg 300w\" sizes=\"auto, (max-width: 387px) 100vw, 387px\" \/><\/figure><\/div>\n\n\n\n<p class=\"wp-block-paragraph\">\u00c8 l\u2019<strong>invenzione<\/strong>, intesa come creazione e introduzione di un concetto, di un\u2019idea o una tecnologia, il tema scelto come filo conduttore dei\u00a0<strong>500 appuntamenti<\/strong>\u00a0che costituiscono il ricco programma del\u00a0<strong>National Geographic Festival delle Scienze<\/strong>, arrivato quest\u2019anno alla\u00a0<strong>XIV edizione<\/strong>. Da\u00a0<strong>luned\u00ec 8 a domenica 14 aprile<\/strong>,\u00a0l\u2019<strong>Auditorium Parco della Musica di Roma<\/strong>\u00a0sar\u00e0 teatro di conferenze, spettacoli, mostre, exhibit interattivi e laboratori alla scoperta di uno dei motori centrali del progresso e della conoscenza. <strong>Sky<\/strong>, main media partner, proporr\u00e0 all\u2019 interno del Festival un incontro dedicato al proprio film d\u2019arte<em>\u00a0Io, Leonardo<\/em>\u00a0e racconter\u00e0 per tutta la settimana l\u2019evento su Sky TG 24. Confermatala partnership con\u00a0<strong>Radio3 Scienza<\/strong>, che \u2013 da venerd\u00ec 12 a domenica 14 \u2013 racconter\u00e0 il Festival in diretta dal foyer. Inoltre, il Festival rientra nella programmazione delle attivit\u00e0 promosse dal Comitato Nazionale per la celebrazione dei 500 anni dalla morte di <strong>Leonardo da Vinci<\/strong>. Come ogni anno scienziati, filosofi, storici della scienza,\u00a0giornalisti\u00a0e\u00a0artisti\u00a0esploreranno le prospettive della ricerca pi\u00f9 avanzata attraverso un programma articolato e multidisciplinare che, oltre all\u2019Auditorium, arriva a coinvolgere<strong>\u00a047 luoghi\u00a0<\/strong>tra cui<em> Casa del Jazz, MAXXI, Bioparco, Musei Scientifici, Biblioteche di Roma, Sapienza Universit\u00e0 di Roma, Universit\u00e0 Tor Vergata e Universit\u00e0 Roma 3<\/em>. Dalle avveniristiche frontiere della modernit\u00e0 alla celebrazione dei traguardi del passato, la settimana del Festival sar\u00e0 un\u2019occasione per celebrare tre anniversari particolarmente significativi nella storia del genere umano: i 500 anni dalla morte di<strong>\u00a0Leonardo da Vinci<\/strong>, genio eclettico e icona del rinascimento italiano, precursore dei tempi; il 50\u00b0 anniversario dell\u2019<strong>allunaggio dell\u2019Apollo 11<\/strong>, una straordinaria avventura e \u201cun grande passo per l&#8217;umanit\u00e0\u201d; i 150 anni dalla creazione da parte di\u00a0<strong>Dmitrij Mendeleev\u00a0<\/strong>della Tavola Periodica, sistema di catalogazione degli elementi ancora oggi in aggiornamento. Ai numerosi appuntamenti del programma principale del Festival si affiancano inoltre gli appuntamenti riservati ai ragazzi con\u00a0<strong>exhibit<\/strong>,\u00a0<strong>altri eventi per le scuole<\/strong>\u00a0e tanti divertenti\u00a0<strong>laboratori<\/strong>\u00a0(a cura di ESA-Agenzia Spaziale Europea, Psiquadro, FablabforKids \u2013 piattaforma educativa di Fablab Torino \u2013 INAF, INGV, INFN). Tra le tante attivit\u00e0, i piccoli inventori in erba potranno cimentarsi con satelliti e astronavi, mettersi alla prova con razzi e sfide spaziali, costruire citt\u00e0 evento, addentrarsi nei segreti della robotica (in collaborazione e con il supporto di Campus Store), accendere costellazioni, scoprire cosa si nasconde \u201cnella pancia\u201d di un vulcano e persino sperimentare la realt\u00e0 virtuale nella fisica delle particelle.  <\/p>\n\n\n\n<p class=\"wp-block-paragraph\"><strong><em>Da luned\u00ec 8 a domenica 14 aprile<\/em><\/strong><br> <strong>National Geographic Festival delle Scienze<\/strong> <br>Auditorium Parco della Musica<br>via Pietro de Coubertin, 30<br>www.auditorium.com<\/p>\n","protected":false},"excerpt":{"rendered":"<p>\u00c8 l\u2019invenzione, intesa come creazione e introduzione di un concetto, di un\u2019idea o una tecnologia, il tema scelto come filo conduttore dei\u00a0500 appuntamenti\u00a0che costituiscono il ricco programma del\u00a0National Geographic Festival delle Scienze, arrivato quest\u2019anno alla\u00a0XIV edizione. Da\u00a0luned\u00ec 8 a domenica 14 aprile,\u00a0l\u2019Auditorium Parco della Musica di Roma\u00a0sar\u00e0 teatro di conferenze, spettacoli, mostre, exhibit interattivi e [&hellip;]<\/p>\n","protected":false},"author":5,"featured_media":5706,"comment_status":"closed","ping_status":"closed","sticky":false,"template":"","format":"standard","meta":{"footnotes":""},"categories":[3,30],"tags":[77,86,1931,2736],"class_list":["post-5703","post","type-post","status-publish","format-standard","has-post-thumbnail","hentry","category-arte-cultura","category-mostre","tag-auditorium-parco-della-musica","tag-in-evidenza","tag-leonardo-da-vinci","tag-national-geographic"],"_links":{"self":[{"href":"https:\/\/www.farecentronews.com\/index.php?rest_route=\/wp\/v2\/posts\/5703","targetHints":{"allow":["GET"]}}],"collection":[{"href":"https:\/\/www.farecentronews.com\/index.php?rest_route=\/wp\/v2\/posts"}],"about":[{"href":"https:\/\/www.farecentronews.com\/index.php?rest_route=\/wp\/v2\/types\/post"}],"author":[{"embeddable":true,"href":"https:\/\/www.farecentronews.com\/index.php?rest_route=\/wp\/v2\/users\/5"}],"replies":[{"embeddable":true,"href":"https:\/\/www.farecentronews.com\/index.php?rest_route=%2Fwp%2Fv2%2Fcomments&post=5703"}],"version-history":[{"count":4,"href":"https:\/\/www.farecentronews.com\/index.php?rest_route=\/wp\/v2\/posts\/5703\/revisions"}],"predecessor-version":[{"id":5709,"href":"https:\/\/www.farecentronews.com\/index.php?rest_route=\/wp\/v2\/posts\/5703\/revisions\/5709"}],"wp:featuredmedia":[{"embeddable":true,"href":"https:\/\/www.farecentronews.com\/index.php?rest_route=\/wp\/v2\/media\/5706"}],"wp:attachment":[{"href":"https:\/\/www.farecentronews.com\/index.php?rest_route=%2Fwp%2Fv2%2Fmedia&parent=5703"}],"wp:term":[{"taxonomy":"category","embeddable":true,"href":"https:\/\/www.farecentronews.com\/index.php?rest_route=%2Fwp%2Fv2%2Fcategories&post=5703"},{"taxonomy":"post_tag","embeddable":true,"href":"https:\/\/www.farecentronews.com\/index.php?rest_route=%2Fwp%2Fv2%2Ftags&post=5703"}],"curies":[{"name":"wp","href":"https:\/\/api.w.org\/{rel}","templated":true}]}}