{"id":5544,"date":"2019-02-20T18:26:13","date_gmt":"2019-02-20T18:26:13","guid":{"rendered":"http:\/\/www.farecentronews.com\/?p=5544"},"modified":"2019-02-20T18:26:15","modified_gmt":"2019-02-20T18:26:15","slug":"fotografi-in-scena-a-cliciak-scatti-di-cinema","status":"publish","type":"post","link":"https:\/\/www.farecentronews.com\/?p=5544","title":{"rendered":"Fotografi in scena a CliCiak &#8211; Scatti di cinema"},"content":{"rendered":"\n<div class=\"wp-block-image\"><figure class=\"alignleft is-resized\"><img loading=\"lazy\" decoding=\"async\" src=\"http:\/\/www.farecentronews.com\/wp-content\/uploads\/2019\/02\/image005.jpg\" alt=\"\" class=\"wp-image-5547\" width=\"298\" height=\"199\"\/><\/figure><\/div>\n\n\n\n<p class=\"wp-block-paragraph\">Giunta al suo ventunesimo compleanno, torna la rassegna dedicata ai vincitori del concorso per fotografi di scena<strong> CliCiak \u2013 Scatti di cinema<\/strong>. La selezione comprende <strong><em>40 fotografie <\/em><\/strong>selezionate tra le 2.300 partecipanti, realizzate da 56 fotografi sui set di 115 tra film, cortometraggi, fiction e serie tv. Degni di particolare menzione gli scatti di <strong>Mario Bianciardi<\/strong>, vincitore della foto migliore per<em> Ombra e il poeta<\/em>;<strong> Greta De Lazzaris<\/strong> vincitrice della migliore serie per<em> Dogman<\/em> e<strong> Valentina Glorioso<\/strong> che ha ricevuto il premio come miglior serie televisiva per <em>Il cacciatore<\/em>. A<strong> Stefania Rosini<\/strong> \u00e8 andato il \u201c<em>Premio Giuseppe ed Alda Palmas<\/em>\u201d come fotografa esordiente al concorso, mentre <strong>Andrea Miconi<\/strong> si \u00e8 aggiudicato il premio \u201c<em>Ciak ritratto d&#8217;attore<\/em>\u201d per la sezione bianco e nero (A casa tutti bene) e <strong>Gianni Fiorito<\/strong> per la sezione colore (Loro 1). \u201c<em>Le immagini provenienti dai set restituiscono con puntualit\u00e0 (e in molti casi con qualit\u00e0) quella che \u00e8 stata la stagione del cinema italiano<\/em>\u201d dichiara<strong> Antonio Maraldi<\/strong>, curatore della rassegna.<br><strong><em>Fino al 30 aprile<\/em><\/strong><br><strong>Casa del Cinema<\/strong><br>Largo Marcello Mastroianni, 1<br><a href=\"http:\/\/www.casadelcinema.it\/\">www.casadelcinema.it<\/a><br>Ingresso gratuito  <\/p>\n","protected":false},"excerpt":{"rendered":"<p>Giunta al suo ventunesimo compleanno, torna la rassegna dedicata ai vincitori del concorso per fotografi di scena CliCiak \u2013 Scatti di cinema. La selezione comprende 40 fotografie selezionate tra le 2.300 partecipanti, realizzate da 56 fotografi sui set di 115 tra film, cortometraggi, fiction e serie tv. Degni di particolare menzione gli scatti di Mario [&hellip;]<\/p>\n","protected":false},"author":3,"featured_media":5546,"comment_status":"closed","ping_status":"closed","sticky":false,"template":"","format":"standard","meta":{"footnotes":""},"categories":[3,30],"tags":[2661,2663,239,2656,2662,2658,86,2657,2660,2659],"class_list":["post-5544","post","type-post","status-publish","format-standard","has-post-thumbnail","hentry","category-arte-cultura","category-mostre","tag-andrea-miconi","tag-antonio-maraldi","tag-carlo-valenti","tag-cliciak-scatti-di-cinema","tag-gianni-fiorito","tag-greta-de-lazzaris","tag-in-evidenza","tag-mario-bianciardi","tag-stefania-rosini","tag-valentina-glorioso"],"_links":{"self":[{"href":"https:\/\/www.farecentronews.com\/index.php?rest_route=\/wp\/v2\/posts\/5544","targetHints":{"allow":["GET"]}}],"collection":[{"href":"https:\/\/www.farecentronews.com\/index.php?rest_route=\/wp\/v2\/posts"}],"about":[{"href":"https:\/\/www.farecentronews.com\/index.php?rest_route=\/wp\/v2\/types\/post"}],"author":[{"embeddable":true,"href":"https:\/\/www.farecentronews.com\/index.php?rest_route=\/wp\/v2\/users\/3"}],"replies":[{"embeddable":true,"href":"https:\/\/www.farecentronews.com\/index.php?rest_route=%2Fwp%2Fv2%2Fcomments&post=5544"}],"version-history":[{"count":2,"href":"https:\/\/www.farecentronews.com\/index.php?rest_route=\/wp\/v2\/posts\/5544\/revisions"}],"predecessor-version":[{"id":5548,"href":"https:\/\/www.farecentronews.com\/index.php?rest_route=\/wp\/v2\/posts\/5544\/revisions\/5548"}],"wp:featuredmedia":[{"embeddable":true,"href":"https:\/\/www.farecentronews.com\/index.php?rest_route=\/wp\/v2\/media\/5546"}],"wp:attachment":[{"href":"https:\/\/www.farecentronews.com\/index.php?rest_route=%2Fwp%2Fv2%2Fmedia&parent=5544"}],"wp:term":[{"taxonomy":"category","embeddable":true,"href":"https:\/\/www.farecentronews.com\/index.php?rest_route=%2Fwp%2Fv2%2Fcategories&post=5544"},{"taxonomy":"post_tag","embeddable":true,"href":"https:\/\/www.farecentronews.com\/index.php?rest_route=%2Fwp%2Fv2%2Ftags&post=5544"}],"curies":[{"name":"wp","href":"https:\/\/api.w.org\/{rel}","templated":true}]}}