{"id":5344,"date":"2018-12-14T10:30:01","date_gmt":"2018-12-14T10:30:01","guid":{"rendered":"http:\/\/www.farecentronews.com\/?p=5344"},"modified":"2018-12-14T12:35:55","modified_gmt":"2018-12-14T12:35:55","slug":"grandi-mostre-mario-schifano-torna-a-villa-giulia","status":"publish","type":"post","link":"https:\/\/www.farecentronews.com\/?p=5344","title":{"rendered":"Grandi Mostre. Mario Schifano torna a Villa Giulia"},"content":{"rendered":"\n<div class=\"wp-block-image\"><figure class=\"alignleft is-resized\"><img loading=\"lazy\" decoding=\"async\" src=\"http:\/\/www.farecentronews.com\/wp-content\/uploads\/2018\/12\/M03-95-352.jpg\" alt=\"\" class=\"wp-image-5348\" width=\"288\" height=\"355\" srcset=\"https:\/\/www.farecentronews.com\/wp-content\/uploads\/2018\/12\/M03-95-352.jpg 700w, https:\/\/www.farecentronews.com\/wp-content\/uploads\/2018\/12\/M03-95-352-243x300.jpg 243w\" sizes=\"auto, (max-width: 288px) 100vw, 288px\" \/><\/figure><\/div>\n\n\n\n<p class=\"wp-block-paragraph\"><strong>Roma, Museo Nazionale Etrusco di Villa Giulia. <\/strong>E&#8217; aperta <strong>s<\/strong>ino al 10 marzo 2019, la mostra dedicata all&#8217;Artista tripolitano dal titolo<strong> \u201cEtruSchifano. Mario Schifano a Villa Giulia: un ritorno\u201d <\/strong>che celebra la poderosa creativit\u00e0 di un uomo complesso, la cui vita era legata profondamente alla civilt\u00e0 etrusco-italica: sia sotto l&#8217;aspetto biografico che artistico, visto che lavor\u00f2 presso il Museo romano per ben dieci anni come restauratore e lucidatore di disegni. Durante quel lungo periodo, per\u00f2, gi\u00e0 scalpitava prepotente l&#8217;urgenza artistica di Schifano tanto da fargli dichiarare in seguito: \u201c<em>No, non \u00e8 che sono fuggito. In realt\u00e0 non ci stavo mai, perch\u00e9 il mio cervello era sempre fuori\u201d<\/em>. Un bisogno intimo e irrefrenabile che lo porta a intraprendere nuove strade per esprimere se stesso in tutta la sua interiorit\u00e0. La mostra, nel suo interessante tema, affronta per la prima volta a livello nazionale e in maniera non consueta, il binomio fra l&#8217;Artista e il rapporto con l&#8217;antico, con i simboli etruschi: in una chiave che svela in tutta la sua forza la capacit\u00e0 di Schifano di reinterpretare con un approccio psicologico e percettivo unico un mondo misterioso, non senza rimandi al contemporaneo. Cos\u00ec, nell&#8217;opera che richiama la \u201cTomba della caccia e della pesca\u201d, l&#8217;Artista ripropone il dettaglio di cinque uccelli in volo, scomponendo il tutto e dando vita al movimento, al cielo, al volo fluttuante con pennellate di verde e blu, invertendo lo schema cromatico originale. Nella serie \u201cMater Matuta\u201d &#8211; dove si ispira alle sculture di <em>matres\u00a0<\/em>del Museo Provinciale Campano di Capua &#8211; esalta la maternit\u00e0 e inserisce rimandi all&#8217;opera \u201cGuernica\u201d di Picasso (nel dettaglio della donna urlante), con forti pennellate di colori fluo che ricordano la pop art, in una potenza dinamica prorompente che coinvolge l&#8217;osservatore emozionandolo. E ancora, un prezioso video documenta in <em>frame\u00a0<\/em>la realizzazione dell&#8217;opera \u201cLa Chimera\u201d, performance dal vivo che Schifano ide\u00f2 pubblicamente a Firenze in poche ore nel 1985 davanti ad Achille Bonito Oliva: 10 tele di 2&#215;2 mt. riempite dagli ampi gesti pittorici dell&#8217;Artista che, in preda all&#8217;atto creativo, non poteva fermarsi. Nella mostra, esposte oltre 20 opere raccolte grazie ai curatori Gianluca Tagliamonte, Direttore del Dipartimento dei Beni Culturali di Salerno, e Maria Paola Guidobaldi. Progetto promosso dal Museo Nazionale Etrusco di Villa Giulia, Direttore Valentino Nizzo; Fondazione Pescarabruzzo; Fondazione Dott. Domenico Tulino; Associazione Culturale MM18. Patrocinio Archivio Mario Schifano. Catalogo: Collana Arte e Cultura n.64, Fondazione Pescarabruzzo. Imperdibile. <em>(ph_courtesy of Ufficio Stampa Beni Culturali: in apertura Tomba del Barone -Fondazione Pescarabruzzo, 1991, Tecniche miste su cartoncino 70&#215;100; Mater Matuta 16, 1995-1996, \u00a0 \u00a0Smalto e acrilico su tela, cm 160 x 130)<\/em><br><br><strong>Sino al 10 Marzo 2019<\/strong><br><a href=\"http:\/\/www.villagiulia.beniculturali.it\/\"><strong>www.villagiulia.beniculturali.it<\/strong><\/a><br>\u201c<strong>EtruSchifano. Mario Schifano aVilla Giulia: un ritorno\u201d<\/strong><br><strong>Museo Nazionale Etrusco di VillaGiulia<\/strong><br><strong>Piazzale di Villa Giulia, 9 Roma<\/strong><br><strong>Orario: da marted\u00ec al domenica 9.00\u2013 20.00; no luned\u00ec<\/strong><br><strong>info: +39 06 3226571<\/strong><\/p>\n\n\n\n<p class=\"wp-block-paragraph\"><\/p>\n","protected":false},"excerpt":{"rendered":"<p>Roma, Museo Nazionale Etrusco di Villa Giulia. E&#8217; aperta sino al 10 marzo 2019, la mostra dedicata all&#8217;Artista tripolitano dal titolo \u201cEtruSchifano. Mario Schifano a Villa Giulia: un ritorno\u201d che celebra la poderosa creativit\u00e0 di un uomo complesso, la cui vita era legata profondamente alla civilt\u00e0 etrusco-italica: sia sotto l&#8217;aspetto biografico che artistico, visto che [&hellip;]<\/p>\n","protected":false},"author":4,"featured_media":5346,"comment_status":"closed","ping_status":"closed","sticky":false,"template":"","format":"standard","meta":{"footnotes":""},"categories":[3,30],"tags":[86,243,2526,2525,83],"class_list":["post-5344","post","type-post","status-publish","format-standard","has-post-thumbnail","hentry","category-arte-cultura","category-mostre","tag-in-evidenza","tag-marina-de-benedictis","tag-mario-schifano","tag-museo-nazionale-etrusco-di-villa-giulia","tag-ultimissime"],"_links":{"self":[{"href":"https:\/\/www.farecentronews.com\/index.php?rest_route=\/wp\/v2\/posts\/5344","targetHints":{"allow":["GET"]}}],"collection":[{"href":"https:\/\/www.farecentronews.com\/index.php?rest_route=\/wp\/v2\/posts"}],"about":[{"href":"https:\/\/www.farecentronews.com\/index.php?rest_route=\/wp\/v2\/types\/post"}],"author":[{"embeddable":true,"href":"https:\/\/www.farecentronews.com\/index.php?rest_route=\/wp\/v2\/users\/4"}],"replies":[{"embeddable":true,"href":"https:\/\/www.farecentronews.com\/index.php?rest_route=%2Fwp%2Fv2%2Fcomments&post=5344"}],"version-history":[{"count":7,"href":"https:\/\/www.farecentronews.com\/index.php?rest_route=\/wp\/v2\/posts\/5344\/revisions"}],"predecessor-version":[{"id":5355,"href":"https:\/\/www.farecentronews.com\/index.php?rest_route=\/wp\/v2\/posts\/5344\/revisions\/5355"}],"wp:featuredmedia":[{"embeddable":true,"href":"https:\/\/www.farecentronews.com\/index.php?rest_route=\/wp\/v2\/media\/5346"}],"wp:attachment":[{"href":"https:\/\/www.farecentronews.com\/index.php?rest_route=%2Fwp%2Fv2%2Fmedia&parent=5344"}],"wp:term":[{"taxonomy":"category","embeddable":true,"href":"https:\/\/www.farecentronews.com\/index.php?rest_route=%2Fwp%2Fv2%2Fcategories&post=5344"},{"taxonomy":"post_tag","embeddable":true,"href":"https:\/\/www.farecentronews.com\/index.php?rest_route=%2Fwp%2Fv2%2Ftags&post=5344"}],"curies":[{"name":"wp","href":"https:\/\/api.w.org\/{rel}","templated":true}]}}