{"id":5313,"date":"2018-12-07T08:45:46","date_gmt":"2018-12-07T08:45:46","guid":{"rendered":"http:\/\/www.farecentronews.com\/?p=5313"},"modified":"2018-12-07T08:45:46","modified_gmt":"2018-12-07T08:45:46","slug":"lorena-proietti-tomada-larte-come-centro-del-se","status":"publish","type":"post","link":"https:\/\/www.farecentronews.com\/?p=5313","title":{"rendered":"Lorena Proietti Tomada. L&#8217;arte come centro del s\u00e9"},"content":{"rendered":"<p><a href=\"http:\/\/www.farecentronews.com\/wp-content\/uploads\/2018\/12\/Calendule.jpg\"><img loading=\"lazy\" decoding=\"async\" class=\"alignleft size-medium wp-image-5318\" src=\"http:\/\/www.farecentronews.com\/wp-content\/uploads\/2018\/12\/Calendule-300x169.jpg\" alt=\"\" width=\"300\" height=\"169\" srcset=\"https:\/\/www.farecentronews.com\/wp-content\/uploads\/2018\/12\/Calendule-300x169.jpg 300w, https:\/\/www.farecentronews.com\/wp-content\/uploads\/2018\/12\/Calendule.jpg 700w\" sizes=\"auto, (max-width: 300px) 100vw, 300px\" \/><\/a>Circonvoluzioni concentriche, forme sfumate, segni netti, immagini oniriche, paesaggi. E poi il mare, ricorrente e sempre interpretato in modo diverso perch\u00e9 infinitamente mobile. Il tutto in un caleidoscopio di colori energetici e finemente calibrati. E&#8217; l&#8217;arte pittorica di<strong> Lorena Proietti Tomada<\/strong>, che nello scorso weekend nella mostra \u201c<em><strong>Attimi<\/strong><\/em>\u201d ha presentato al pubblico la sua ricca produzione pittorica ad olio e tecnica mista (su tela e carta): a Roma presso uno spazio non a caso tutto dedicato alla mente, lo<em><strong> Studio di Psicoterapia SinergiAT<\/strong> <\/em>al numero 6 di<em> Via Vito<\/em> <em>Artale<\/em>. Fra corridoi e stanze, ci si immerge in un viaggio percettivo ed interiore sorprendente e ipnotico grazie al colore, che lascia all&#8217;osservatore la possibilit\u00e0 di immaginare oltre il soggetto rappresentato. Cos\u00ec davanti a \u201cSinergie\u201d sembra di essere catturati in un mondo al di l\u00e0 del tangibile, oltre la nostra galassia dove \u201c<em>l&#8217;orizzonte degli eventi<\/em>\u201d \u00e8 ancora da scoprire. \u201c<em>I due mondi<\/em>\u201d ci accoglie e attira verso il suo centro dinamico, fra cielo e terra, fra sogno e realt\u00e0. Poi, guardando \u201c<em>La strada<\/em>\u201d, la forma arrotondata centrale \u2013 archetipo della rinascita per Lorena \u2013 \u00e8 arricchita da una irresistibile esplosione di tinte che sembra specificare l&#8217;insight creativo dell&#8217;Autrice. Ogni opera supera il significato apparente espresso nel titolo, riuscendo a richiamare in noi stessi una serie di emozioni e stati d&#8217;animo profondissimi. \u201c<em>Il Cielo<\/em>\u201d \u00e8 un immenso concetto di infinito, di infanzia, di libert\u00e0 nel suo azzurro rosato pi\u00f9 puro. E Lorena sa come comunicare le emozioni, da sensibile Artista, anche quando lavora l&#8217;argilla. Ecco allora nascere le forme dei fiori in ramificazioni vive, che sembrano muoversi alla luce della fiamma nonostante la solidit\u00e0 del materiale.<a href=\"http:\/\/www.farecentronews.com\/wp-content\/uploads\/2018\/12\/i-due-mondi-dettaglio.jpg\"><img loading=\"lazy\" decoding=\"async\" class=\"alignright size-medium wp-image-5319\" src=\"http:\/\/www.farecentronews.com\/wp-content\/uploads\/2018\/12\/i-due-mondi-dettaglio-300x169.jpg\" alt=\"\" width=\"300\" height=\"169\" srcset=\"https:\/\/www.farecentronews.com\/wp-content\/uploads\/2018\/12\/i-due-mondi-dettaglio-300x169.jpg 300w, https:\/\/www.farecentronews.com\/wp-content\/uploads\/2018\/12\/i-due-mondi-dettaglio.jpg 700w\" sizes=\"auto, (max-width: 300px) 100vw, 300px\" \/><\/a> Una ventina le opere pittoriche visibili come collezione permanente presso lo Studio SinergiAT \u2013 e in parte gi\u00e0 vendute &#8211; tante di pi\u00f9 quelle realizzate o in gestazione. Perch\u00e9 l&#8217;arte non ha fine. (in apertura, l&#8217;Artista posa davanti \u201cUn&#8217;onda di mare\u201d; nelle immagini successive, \u201cI due Mondi\u201d_dettaglio; la scultura \u201cCalendule\u201d ispirata al ricordo del giardino materno; ph_Marina De Benedictis_tutti i diritti riservati)<\/p>\n<p>Arte e Musica: www.proelleti.wixsite.com\/arteemusica<br \/>\ninfo: proelleti@yahoo.com ; 3755290815<br \/>\nLorena Proietti Tomada_Creativit\u00e0 e tecnica<\/p>\n<p>\u201c<em>La vera passione nasce dal profondo e si muove per sentieri sconosciuti. Rimanerne lontani \u00e8 impensabile e coltivarla \u00e8 l\u2019unica soluzione per sentirsi interi<\/em>\u201d. Lorena vive e lavora a Roma. E&#8217; Artista a tutto tondo: \u00e8 musicista e soprano lirico, compone e interpreta diversi generi: dal classico al jazz passando per musica leggera e da camera. Nel 2005 fonda il<strong> Lyric Jazz Project<\/strong> che unisce i due stili musicali. Dipinge inizialmente come autodidatta da giovanissima, per poi perfezionare la tecnica presso diversi studi professionali romani. Il workshop \u201c<em>Fare d&#8217;ogni ora un&#8217;opera d&#8217;arte<\/em>\u201d \u00e8 l&#8217;attuale progetto di arte terapia che si pu\u00f2 prenotare e frequentare presso lo Studio SinergiAT.<\/p>\n<p><strong>Studio SinergiAT<\/strong><br \/>\nVia Vito Artale, 6 Roma<br \/>\ninfo: studiosinergiat@gmail.com<\/p>\n","protected":false},"excerpt":{"rendered":"<p>Circonvoluzioni concentriche, forme sfumate, segni netti, immagini oniriche, paesaggi. E poi il mare, ricorrente e sempre interpretato in modo diverso perch\u00e9 infinitamente mobile. Il tutto in un caleidoscopio di colori energetici e finemente calibrati. E&#8217; l&#8217;arte pittorica di Lorena Proietti Tomada, che nello scorso weekend nella mostra \u201cAttimi\u201d ha presentato al pubblico la sua ricca [&hellip;]<\/p>\n","protected":false},"author":4,"featured_media":5317,"comment_status":"closed","ping_status":"closed","sticky":false,"template":"","format":"standard","meta":{"footnotes":""},"categories":[3,30],"tags":[2516,86,2515,2518,243,2517,83],"class_list":["post-5313","post","type-post","status-publish","format-standard","has-post-thumbnail","hentry","category-arte-cultura","category-mostre","tag-attimi","tag-in-evidenza","tag-lorena-proietti-tomada","tag-lyric-jazz-project","tag-marina-de-benedictis","tag-studio-di-psicoterapia-sinergiat","tag-ultimissime"],"_links":{"self":[{"href":"https:\/\/www.farecentronews.com\/index.php?rest_route=\/wp\/v2\/posts\/5313","targetHints":{"allow":["GET"]}}],"collection":[{"href":"https:\/\/www.farecentronews.com\/index.php?rest_route=\/wp\/v2\/posts"}],"about":[{"href":"https:\/\/www.farecentronews.com\/index.php?rest_route=\/wp\/v2\/types\/post"}],"author":[{"embeddable":true,"href":"https:\/\/www.farecentronews.com\/index.php?rest_route=\/wp\/v2\/users\/4"}],"replies":[{"embeddable":true,"href":"https:\/\/www.farecentronews.com\/index.php?rest_route=%2Fwp%2Fv2%2Fcomments&post=5313"}],"version-history":[{"count":4,"href":"https:\/\/www.farecentronews.com\/index.php?rest_route=\/wp\/v2\/posts\/5313\/revisions"}],"predecessor-version":[{"id":5320,"href":"https:\/\/www.farecentronews.com\/index.php?rest_route=\/wp\/v2\/posts\/5313\/revisions\/5320"}],"wp:featuredmedia":[{"embeddable":true,"href":"https:\/\/www.farecentronews.com\/index.php?rest_route=\/wp\/v2\/media\/5317"}],"wp:attachment":[{"href":"https:\/\/www.farecentronews.com\/index.php?rest_route=%2Fwp%2Fv2%2Fmedia&parent=5313"}],"wp:term":[{"taxonomy":"category","embeddable":true,"href":"https:\/\/www.farecentronews.com\/index.php?rest_route=%2Fwp%2Fv2%2Fcategories&post=5313"},{"taxonomy":"post_tag","embeddable":true,"href":"https:\/\/www.farecentronews.com\/index.php?rest_route=%2Fwp%2Fv2%2Ftags&post=5313"}],"curies":[{"name":"wp","href":"https:\/\/api.w.org\/{rel}","templated":true}]}}