{"id":5298,"date":"2018-10-27T09:23:14","date_gmt":"2018-10-27T09:23:14","guid":{"rendered":"http:\/\/www.farecentronews.com\/?p=5298"},"modified":"2018-10-27T09:23:14","modified_gmt":"2018-10-27T09:23:14","slug":"la-nuova-stagione-allauditorium-musica-per-tutti-i-gusti-e-tutte-le-eta","status":"publish","type":"post","link":"https:\/\/www.farecentronews.com\/?p=5298","title":{"rendered":"La nuova stagione all&#8217;Auditorium: Musica per tutti i gusti e tutte le et\u00e0"},"content":{"rendered":"<p><a href=\"http:\/\/www.farecentronews.com\/wp-content\/uploads\/2018\/10\/HR_2464.jpg\"><img loading=\"lazy\" decoding=\"async\" class=\"alignleft size-medium wp-image-5301\" src=\"http:\/\/www.farecentronews.com\/wp-content\/uploads\/2018\/10\/HR_2464-300x200.jpg\" alt=\"\" width=\"300\" height=\"200\" srcset=\"https:\/\/www.farecentronews.com\/wp-content\/uploads\/2018\/10\/HR_2464-300x200.jpg 300w, https:\/\/www.farecentronews.com\/wp-content\/uploads\/2018\/10\/HR_2464.jpg 600w\" sizes=\"auto, (max-width: 300px) 100vw, 300px\" \/><\/a>Sar\u00e0 ricca di sorprese questa 17ma stagione inaugurata all<strong>&#8216;Auditorium Parco della Musica<\/strong> e nei 500 concerti,spettacoli, rassegne culturali, festival, l&#8217;intenzione della <strong>Fondazione Musica per Roma<\/strong> \u00e8 quella di offrire eventi il pi\u00f9 possibile aperti ad ogni tipologia di pubblico. Un poliedrico programma insomma che ogni mese avr\u00e0 un festival dominante con tematiche sempre diverse e accattivanti. Anche in questa stagione il grande complesso monumentale di Renzo Piano conferma il suo ruolo di grande contenitore di divulgazione culturale per Roma, un impegno premiato dal pubblico con un incremento, nei mesi da gennaio a settembre 2018, del 3% delle presenze e del 13% di incassi rispetto allo stesso periodo del 2017.<\/p>\n<p><em><strong>Casa del Jazz<\/strong><\/em><br \/>\nPer il ciclo \u201c<strong>Il magico accordo<\/strong>\u201d, concerti e lezioni sul jazz con ospiti d&#8217;eccezione, per citarne solo alcuni, come<strong> Enrico Pieranunzi, Lino Patruno, Eugenio Colombo, Giancarlo Schiaffini<\/strong>.<\/p>\n<p><em><strong>La musica internazionale<\/strong><\/em><br \/>\nTra le star presenti in questa stagione troviamo, tra gli altri,<strong> Ben Harper<\/strong> per un concerto gi\u00e0 sold out, <strong>The Musical box<\/strong>, storica tribute band dei Genesis,<strong> Morcheeba<\/strong>, la chitarra acustica di <strong>Tommy Emmanuel<\/strong>, la magica voce di<strong> Lisa Gerrard<\/strong>, il virtuoso dell&#8217;accordeon<strong> Richard Galliano<\/strong>, <strong>Goran Bregovic<\/strong> e fra i primi nomi dell&#8217;estate:<strong> Take That<\/strong> e <strong>Toto<\/strong>.<\/p>\n<p><em><strong>Jazz Love \u2013 Il grande jazz all&#8217;Auditorium<\/strong><\/em><br \/>\nGrandi artisti da sempre di casa all&#8217;Auditorium come<strong> Enrico Rava, Joe Lovano<\/strong> e <strong>Stefano Bollani<\/strong> nel suo atteso \u201cprogetto brasiliano\u201d.<\/p>\n<p><em><strong>Musica per il cinema<\/strong><\/em><br \/>\nTra concerti e incontri culturali sul tema Cinema e jazz, troviamo le<strong> Musiche del Commissario Montalbano<\/strong> di<strong> Franco Piersanti<\/strong>,<strong> Nicola Piovani<\/strong> ed un omaggio a <strong>Trovajoli<\/strong>.<\/p>\n<p><em><strong>La musica italiana<\/strong><\/em><br \/>\nTantissimi i nomi per una rassegna che non mancher\u00e0 di accontentare ogni tipo di pubblico. Tra i molti artisti presenti citiamo: <strong>Enzo Gragnaniello &amp; Solis String Quartet<\/strong>,<strong> Luci della Centrale Elettrica, Sergio Cammariere, Luca barbarossa, Max Gazz\u00e8, Giovanni Allevi, Mario Biondi, Pippo Pollina, l&#8217;Orchestra Popolare diretta da Ambrogio Sparagna<\/strong><\/p>\n<p><em><strong>Carta bianca a Luca Barbarossa<\/strong><\/em><br \/>\nViene riproposto quest&#8217;evento dove l&#8217;artista presenta progetti inediti ed originali in compagnia di ospiti speciali. A grande richiesta la Carta Bianca sar\u00e0 affidata a <strong>Luca Barbarossa<\/strong>, cantautore che ebbe grande successo negli anni 80, musicista di indubbie doti autorali nonch\u00e9 affabile intrattenitore ironico.<\/p>\n<p><em><strong>Natale All&#8217;Auditorium<\/strong><\/em><br \/>\nConsueto appuntamento natalizio che vedr\u00e0 tra i protagonisti di questa stagione: <strong>Antonio Cammariere, Irene Grandi, Luca Barbarossa, Max Gazz\u00e8 Giovanni Allevi, Nicola Piovai <\/strong>e <strong>Mario Biondi<\/strong>. Dal 12 dicembre torna infine l&#8217;attesissimo <strong>Festival Gospel<\/strong>.<\/p>\n<p><em><strong>Festival<\/strong><\/em><br \/>\nTra le molte proposte di questa stagione citiamo :<strong> Romaeuropa Festival 2018<\/strong>; <strong>Festival di Danza spagnola<\/strong>; <strong>Equilibrio Festival<\/strong>; <strong>National Geographic Festival delle Scienze<\/strong>; <strong>Roma Summer Fest.<\/strong><\/p>\n<p><em><strong>Teatro e Danza<\/strong><\/em><br \/>\nTra gli spettacoli teatrali torna<strong> Federico Buffa<\/strong> con \u201cBlack Leather \u2013 due pugni guantati di nero\u201d, a Capodanno l&#8217;appuntamento \u00e8 con<strong> Gigi Proietti<\/strong> col suo \u201cCavalli di Battaglia\u201d e il prossimo anno avremo <strong>Giuseppe Cederna, Giancarlo Giannini, Isabella Rossellini, Lina Sastri<\/strong> e <strong>Francesca Reggiani<\/strong>.<\/p>\n<p><em><strong>Lezioni e Dialoghi<\/strong><\/em><br \/>\nNello spazio dedicato alla cultura e alla divulgazione troviamo: <strong>Lezioni di Storia,<\/strong> che quest&#8217;anno avr\u00e0 come tema \u201cIl carattere degli italiani\u201d. <strong>Lezioni di Jazz<\/strong>, tenute da<strong> Stefano Zenni<\/strong>; <strong>Lezioni di Arte<\/strong> che vedr\u00e0 come protagonista <strong>Leonardo Da Vinci<\/strong> nell&#8217;anniversario dei 500 anni dalla sua scomparsa; <strong>I dialoghi matematici<\/strong>, sette appuntamenti che mettono la matematica in dialogo con la filosofia.<\/p>\n<p><em><strong>Mostre<\/strong><\/em><br \/>\nProseguono le <strong>Grandi Mostre Foyer Sinopoli<\/strong> con il prossimo appuntamento di dicembre dove incontreremo l&#8217;artista<strong> Elisa Montessori<\/strong>, mentre nei sound corner troveremo a novembre <strong>Marco Ferrazza<\/strong> e a dicembre <strong>Luana Lunetta<\/strong>.<\/p>\n","protected":false},"excerpt":{"rendered":"<p>Sar\u00e0 ricca di sorprese questa 17ma stagione inaugurata all&#8216;Auditorium Parco della Musica e nei 500 concerti,spettacoli, rassegne culturali, festival, l&#8217;intenzione della Fondazione Musica per Roma \u00e8 quella di offrire eventi il pi\u00f9 possibile aperti ad ogni tipologia di pubblico. Un poliedrico programma insomma che ogni mese avr\u00e0 un festival dominante con tematiche sempre diverse e [&hellip;]<\/p>\n","protected":false},"author":3,"featured_media":5300,"comment_status":"closed","ping_status":"closed","sticky":false,"template":"","format":"standard","meta":{"footnotes":""},"categories":[32,5],"tags":[2511,77,2505,239,2016,2054,2503,2512,979,2504,179,86,2509,1120,2363,2241,2506,2507,2510,2508,82,83],"class_list":["post-5298","post","type-post","status-publish","format-standard","has-post-thumbnail","hentry","category-concerti","category-musica-spettacolo","tag-antonio-cammariere","tag-auditorium-parco-della-musica","tag-ben-harper","tag-carlo-valenti","tag-enrico-pieranunzi","tag-enrico-rava","tag-eugenio-colombo","tag-federico-buffa","tag-fondazione-musica-per-roma","tag-giancarlo-schiaffini","tag-gigi-proietti","tag-in-evidenza","tag-joe-lovano","tag-lino-patruno","tag-luca-barbarossa","tag-max-gazze","tag-morcheeba","tag-richard-galliano","tag-stefano-bollani","tag-take-that","tag-toto","tag-ultimissime"],"_links":{"self":[{"href":"https:\/\/www.farecentronews.com\/index.php?rest_route=\/wp\/v2\/posts\/5298","targetHints":{"allow":["GET"]}}],"collection":[{"href":"https:\/\/www.farecentronews.com\/index.php?rest_route=\/wp\/v2\/posts"}],"about":[{"href":"https:\/\/www.farecentronews.com\/index.php?rest_route=\/wp\/v2\/types\/post"}],"author":[{"embeddable":true,"href":"https:\/\/www.farecentronews.com\/index.php?rest_route=\/wp\/v2\/users\/3"}],"replies":[{"embeddable":true,"href":"https:\/\/www.farecentronews.com\/index.php?rest_route=%2Fwp%2Fv2%2Fcomments&post=5298"}],"version-history":[{"count":3,"href":"https:\/\/www.farecentronews.com\/index.php?rest_route=\/wp\/v2\/posts\/5298\/revisions"}],"predecessor-version":[{"id":5303,"href":"https:\/\/www.farecentronews.com\/index.php?rest_route=\/wp\/v2\/posts\/5298\/revisions\/5303"}],"wp:featuredmedia":[{"embeddable":true,"href":"https:\/\/www.farecentronews.com\/index.php?rest_route=\/wp\/v2\/media\/5300"}],"wp:attachment":[{"href":"https:\/\/www.farecentronews.com\/index.php?rest_route=%2Fwp%2Fv2%2Fmedia&parent=5298"}],"wp:term":[{"taxonomy":"category","embeddable":true,"href":"https:\/\/www.farecentronews.com\/index.php?rest_route=%2Fwp%2Fv2%2Fcategories&post=5298"},{"taxonomy":"post_tag","embeddable":true,"href":"https:\/\/www.farecentronews.com\/index.php?rest_route=%2Fwp%2Fv2%2Ftags&post=5298"}],"curies":[{"name":"wp","href":"https:\/\/api.w.org\/{rel}","templated":true}]}}