{"id":5292,"date":"2018-10-18T10:14:40","date_gmt":"2018-10-18T10:14:40","guid":{"rendered":"http:\/\/www.farecentronews.com\/?p=5292"},"modified":"2018-10-18T10:14:40","modified_gmt":"2018-10-18T10:14:40","slug":"la-bellezza-vista-da-piero-tosi","status":"publish","type":"post","link":"https:\/\/www.farecentronews.com\/?p=5292","title":{"rendered":"La bellezza vista da Piero Tosi"},"content":{"rendered":"<p><a href=\"http:\/\/www.farecentronews.com\/wp-content\/uploads\/2018\/10\/evento.jpg\"><img loading=\"lazy\" decoding=\"async\" class=\"alignleft size-medium wp-image-5295\" src=\"http:\/\/www.farecentronews.com\/wp-content\/uploads\/2018\/10\/evento-300x150.jpg\" alt=\"\" width=\"300\" height=\"150\" srcset=\"https:\/\/www.farecentronews.com\/wp-content\/uploads\/2018\/10\/evento-300x150.jpg 300w, https:\/\/www.farecentronews.com\/wp-content\/uploads\/2018\/10\/evento.jpg 600w\" sizes=\"auto, (max-width: 300px) 100vw, 300px\" \/><\/a>E&#8217; stata appena inaugurata a Roma, presso il PalaExp\u00f2 di via Nazionale, l&#8217;imperdibile mostra <strong>\u201cPiero Tosi. Esercizi sulla bellezza. Gli anni del CSC. 1988-2016<\/strong>\u201d, che raccoglie materiali e documenti dal <em>Centro Sperimentale di Cinematografia<\/em> della lunga carriera professionale di uno dei pi\u00f9 ricercati costumisti italiani. Classe 1927, toscano di nascita e romano d&#8217;adozione,<strong> Tosi<\/strong> ha creato sin dagli anni &#8217;50 meravigliosi abiti per<em><strong> Luchino Visconti, Mauro Bolognini, Franco Zeffirelli<\/strong> <\/em>e poi per <em><strong>Federico Fellini, Pier Paolo Pasolini, Lina Wertmuller, Liliana Cavani, Gianni Amelio<\/strong><\/em>. E&#8217; stato docente di Costume presso il Centro Sperimentale di Cinematografia dal 1988 per ben 30 anni, creando un innovativo modulo didattico: i seminari di costume, trucco e acconciatura, ciascuno dedicato a un preciso momento storico della moda e della cultura italiana, dal Rinascimento fino al Novecento. Quattro abiti degli allievi del Csc completano la mostra, insieme alla rassegna di film nei quali il costumista ha collaborato, con proiezioni alle h. 21 a ingresso gratuito nella sala cinematografica del Museo. Infine, il Centro Sperimentale di Cinematografia ed <em>Edizioni Sabinae<\/em> propongono al pubblico due pubblicazioni: il volume fotografico Esercizi sulla bellezza curato da<strong> Stefano Iachettii<\/strong>, e un numero speciale della rivista<strong> Bianco e nero<\/strong> dedicato all\u2019attivit\u00e0 di Tosi in campo cinematografico, con scritti e testimonianze fra gli altri di <em><strong>Claudia Cardinale, Gianni Amelio, Ottavia Piccolo, Massimo Ranieri, Rita Pavone, Liliana Cavani<\/strong><\/em>.<br \/>\nMostra promossa da: Roma Capitale &#8211; Assessorato alla Crescita culturale e Azienda Speciale Palaexpo. Organizzata da: Centro Sperimentale di Cinematografia \u2013 Cineteca Nazionale in collaborazione con la Festa del Cinema di Roma. Curata da: Stefano Iachetti con Giovanna Arena, Virginia Gentili e Carlo Rescigno. (ph_Gattopardo_G.B. Poletto. Courtesy of Ufficio stampa Azienda Speciale Palaexpo)<\/p>\n<p><em><strong>Fino al 20 gennaio 2019<\/strong><\/em><br \/>\n<strong>\u201cPiero Tosi. Esercizi sulla bellezza. Gli anni del CSC. 1988-2016\u201d<\/strong><br \/>\nPalazzo delle Esposizioni, via Nazionale 194 &#8211; Roma<br \/>\nOrari: Domenica, marted\u00ec, mercoled\u00ec e gioved\u00ec: dalle 10.00 alle 20.00; venerd\u00ec e sabato: dalle 10.00 alle 22.30; luned\u00ec chiuso<br \/>\nInformazioni e prenotazioni: Singoli, gruppi e laboratori d\u2019arte tel. 06 39967500 www.palazzoesposizioni.it<br \/>\nBiglietti: Intero \u20ac 12,50; ridotto \u20ac 10,00<\/p>\n","protected":false},"excerpt":{"rendered":"<p>E&#8217; stata appena inaugurata a Roma, presso il PalaExp\u00f2 di via Nazionale, l&#8217;imperdibile mostra \u201cPiero Tosi. Esercizi sulla bellezza. Gli anni del CSC. 1988-2016\u201d, che raccoglie materiali e documenti dal Centro Sperimentale di Cinematografia della lunga carriera professionale di uno dei pi\u00f9 ricercati costumisti italiani. Classe 1927, toscano di nascita e romano d&#8217;adozione, Tosi ha [&hellip;]<\/p>\n","protected":false},"author":4,"featured_media":5294,"comment_status":"closed","ping_status":"closed","sticky":false,"template":"","format":"standard","meta":{"footnotes":""},"categories":[35,1],"tags":[2500,2502,86,243,1642,2501,83],"class_list":["post-5292","post","type-post","status-publish","format-standard","has-post-thumbnail","hentry","category-fashion-news","category-moda-shopping","tag-centro-sperimentale-di-cinematografia","tag-costumi","tag-in-evidenza","tag-marina-de-benedictis","tag-piero-tosi","tag-stefano-iachettii","tag-ultimissime"],"_links":{"self":[{"href":"https:\/\/www.farecentronews.com\/index.php?rest_route=\/wp\/v2\/posts\/5292","targetHints":{"allow":["GET"]}}],"collection":[{"href":"https:\/\/www.farecentronews.com\/index.php?rest_route=\/wp\/v2\/posts"}],"about":[{"href":"https:\/\/www.farecentronews.com\/index.php?rest_route=\/wp\/v2\/types\/post"}],"author":[{"embeddable":true,"href":"https:\/\/www.farecentronews.com\/index.php?rest_route=\/wp\/v2\/users\/4"}],"replies":[{"embeddable":true,"href":"https:\/\/www.farecentronews.com\/index.php?rest_route=%2Fwp%2Fv2%2Fcomments&post=5292"}],"version-history":[{"count":2,"href":"https:\/\/www.farecentronews.com\/index.php?rest_route=\/wp\/v2\/posts\/5292\/revisions"}],"predecessor-version":[{"id":5296,"href":"https:\/\/www.farecentronews.com\/index.php?rest_route=\/wp\/v2\/posts\/5292\/revisions\/5296"}],"wp:featuredmedia":[{"embeddable":true,"href":"https:\/\/www.farecentronews.com\/index.php?rest_route=\/wp\/v2\/media\/5294"}],"wp:attachment":[{"href":"https:\/\/www.farecentronews.com\/index.php?rest_route=%2Fwp%2Fv2%2Fmedia&parent=5292"}],"wp:term":[{"taxonomy":"category","embeddable":true,"href":"https:\/\/www.farecentronews.com\/index.php?rest_route=%2Fwp%2Fv2%2Fcategories&post=5292"},{"taxonomy":"post_tag","embeddable":true,"href":"https:\/\/www.farecentronews.com\/index.php?rest_route=%2Fwp%2Fv2%2Ftags&post=5292"}],"curies":[{"name":"wp","href":"https:\/\/api.w.org\/{rel}","templated":true}]}}