{"id":5287,"date":"2018-10-18T09:56:29","date_gmt":"2018-10-18T09:56:29","guid":{"rendered":"http:\/\/www.farecentronews.com\/?p=5287"},"modified":"2018-10-18T09:56:29","modified_gmt":"2018-10-18T09:56:29","slug":"moda-dautunno-outfit-per-un-week-end-fashion","status":"publish","type":"post","link":"https:\/\/www.farecentronews.com\/?p=5287","title":{"rendered":"Moda d&#8217;Autunno. Outfit per un week-end fashion"},"content":{"rendered":"<p><a href=\"http:\/\/www.farecentronews.com\/wp-content\/uploads\/2018\/10\/weekend.jpg\"><img loading=\"lazy\" decoding=\"async\" class=\"alignleft size-medium wp-image-5290\" src=\"http:\/\/www.farecentronews.com\/wp-content\/uploads\/2018\/10\/weekend-300x300.jpg\" alt=\"\" width=\"300\" height=\"300\" srcset=\"https:\/\/www.farecentronews.com\/wp-content\/uploads\/2018\/10\/weekend-300x300.jpg 300w, https:\/\/www.farecentronews.com\/wp-content\/uploads\/2018\/10\/weekend-150x150.jpg 150w, https:\/\/www.farecentronews.com\/wp-content\/uploads\/2018\/10\/weekend.jpg 700w\" sizes=\"auto, (max-width: 300px) 100vw, 300px\" \/><\/a>L&#8217;autunno \u00e8 qui. E cosa c&#8217;\u00e8 di pi\u00f9 divertente dei week-end casual chic? Ecco allora le sfiziose proposte estrapolate per voi dalle nuove Collezioni A\/I 2018-19 dei giovani designer italiani<strong> Federica Berardelli, Barbara Biffoli, Giuliana Mancinelli Bonafaccia, Damiano Marini, Morfosis, Sara Giunti, Federica Tosi<\/strong> e <strong>Villa Trentuno<\/strong>. Una scuderia di creativi che hanno saputo coniugare tradizione e innovazione nei tessuti, nei tagli e nelle diverse soluzioni moda, proposte qui per suggerire a tutti voi abbinamenti trendy all&#8217;insegna della praticit\u00e0. <strong>Federica Berardelli<\/strong> propone la sua linea di mini bag in pelle arricchite da intarsi in pietre luminose, nappine, dettagli in contrasto.<strong> Damiano Marini<\/strong> sperimenta inconsueti mix materici e cromatici, attraverso l&#8217;utilizzo di pelli laminate, specchiate, ricamate con un&#8217;attenzione al dettaglio infinitesimale: come nei nuovi tronchetti open toe stringati, che vedete in questa composizione stilistica dei diversi brand. Accessori glam per <strong>Giuliana Mancinelli Bonafaccia<\/strong> con anelli, orecchini, chocker in ottone bagnato nell\u2019oro, rutenio, rodio e cromature ultra-black. Borsa con frange per <strong>Sara Giunti<\/strong> e la sua linea 289, che offre la possibilit\u00e0 di collegare il proprio smartphone tramite Bluetooth in modo che la borsa vibri quando si riceve una notifica e una strip di luce al LED che ne illumina l\u2019interno. Una blusa pink per <strong>Morfosis<\/strong>, totalmente Made in Italy che creaispirandosi alle tavole di Rorschach, alle espressioni del panorama naturale, al lavoro di icone di eleganza come <strong>Elsa Schiaparelli<\/strong> e <strong>Madeleine Vionnet<\/strong>. Pant a zampetta, inifne, per<strong> Federica Tosi<\/strong> a completare l&#8217;outfit per il week d&#8217;autunno in nome dell&#8217;eleganza informale. (ph_courtesy of Studio DModa. In apertura: la mini bag firmata Federica Berardelli; a seguire l&#8217;outfit composto da: blusa pink di Morfosis; shoes Damiano Marini; pant Federica Tosi; bag Sara Giunti; accessori GMB)<\/p>\n","protected":false},"excerpt":{"rendered":"<p>L&#8217;autunno \u00e8 qui. E cosa c&#8217;\u00e8 di pi\u00f9 divertente dei week-end casual chic? Ecco allora le sfiziose proposte estrapolate per voi dalle nuove Collezioni A\/I 2018-19 dei giovani designer italiani Federica Berardelli, Barbara Biffoli, Giuliana Mancinelli Bonafaccia, Damiano Marini, Morfosis, Sara Giunti, Federica Tosi e Villa Trentuno. Una scuderia di creativi che hanno saputo coniugare [&hellip;]<\/p>\n","protected":false},"author":4,"featured_media":5289,"comment_status":"closed","ping_status":"closed","sticky":false,"template":"","format":"standard","meta":{"footnotes":""},"categories":[35,1],"tags":[2496,1260,281,1870,462,86,243,2499,2393,2497,2498],"class_list":["post-5287","post","type-post","status-publish","format-standard","has-post-thumbnail","hentry","category-fashion-news","category-moda-shopping","tag-barbara-biffoli","tag-damiano-marini","tag-federica-berardelli","tag-federica-tosi","tag-giuliana-mancinelli-bonafaccia","tag-in-evidenza","tag-marina-de-benedictis","tag-mini-bag","tag-morfosis","tag-sara-giunti","tag-villa-trentuno"],"_links":{"self":[{"href":"https:\/\/www.farecentronews.com\/index.php?rest_route=\/wp\/v2\/posts\/5287","targetHints":{"allow":["GET"]}}],"collection":[{"href":"https:\/\/www.farecentronews.com\/index.php?rest_route=\/wp\/v2\/posts"}],"about":[{"href":"https:\/\/www.farecentronews.com\/index.php?rest_route=\/wp\/v2\/types\/post"}],"author":[{"embeddable":true,"href":"https:\/\/www.farecentronews.com\/index.php?rest_route=\/wp\/v2\/users\/4"}],"replies":[{"embeddable":true,"href":"https:\/\/www.farecentronews.com\/index.php?rest_route=%2Fwp%2Fv2%2Fcomments&post=5287"}],"version-history":[{"count":2,"href":"https:\/\/www.farecentronews.com\/index.php?rest_route=\/wp\/v2\/posts\/5287\/revisions"}],"predecessor-version":[{"id":5291,"href":"https:\/\/www.farecentronews.com\/index.php?rest_route=\/wp\/v2\/posts\/5287\/revisions\/5291"}],"wp:featuredmedia":[{"embeddable":true,"href":"https:\/\/www.farecentronews.com\/index.php?rest_route=\/wp\/v2\/media\/5289"}],"wp:attachment":[{"href":"https:\/\/www.farecentronews.com\/index.php?rest_route=%2Fwp%2Fv2%2Fmedia&parent=5287"}],"wp:term":[{"taxonomy":"category","embeddable":true,"href":"https:\/\/www.farecentronews.com\/index.php?rest_route=%2Fwp%2Fv2%2Fcategories&post=5287"},{"taxonomy":"post_tag","embeddable":true,"href":"https:\/\/www.farecentronews.com\/index.php?rest_route=%2Fwp%2Fv2%2Ftags&post=5287"}],"curies":[{"name":"wp","href":"https:\/\/api.w.org\/{rel}","templated":true}]}}