{"id":5218,"date":"2018-07-01T11:59:20","date_gmt":"2018-07-01T11:59:20","guid":{"rendered":"http:\/\/www.farecentronews.com\/?p=5218"},"modified":"2018-07-01T11:59:20","modified_gmt":"2018-07-01T11:59:20","slug":"francesco-de-gregori-tour-2018","status":"publish","type":"post","link":"https:\/\/www.farecentronews.com\/?p=5218","title":{"rendered":"Francesco De Gregori. Tour 2018"},"content":{"rendered":"<p>Partir\u00e0 il 6 luglio, dalla Cavea di Roma dell&#8217;<strong>Auditorium Parco della Musica<\/strong>, il nuovo tour di <strong>Francesco De Gregori<\/strong> alla volta delle pi\u00f9 prestigiose localit\u00e0 italiane. Lo accompagneranno in questa avventura estiva <strong>Guido Guglielminetti<\/strong> al contrabbasso, <strong>Paolo Giovenchi<\/strong> alla chitarra, <strong>Paolo Giovenchi<\/strong>\u00a0alla pedal steel guitar e <strong>Carlo Gaudiello<\/strong> al pianoforte. Questa formazione \u00e8 una novit\u00e0 per il pubblico italiano in quanto \u00e8 stata sperimentata in autunno nel suo tour europeo e statunitense. In scaletta oltre ai grandi classici, anche pezzi mai passati in radio e comunque eseguiti raramente dal vivo in quesi ultimi anni. &#8220;<em>Mi fa piacere quando il pubblico riconosce un pezzo dalle prime note<\/em> \u2013\u00a0dichiara\u00a0De Gregori\u00a0\u2013<em> ma mi piace anche quel silenzio un po\u2019 stupito che accoglie le canzoni meno conosciute. La bellezza del live \u00e8 anche questa, la scaletta non deve essere scontata, bisogna mischiare le carte.<\/em>&#8221;<\/p>\n<p><em><strong>Venerd\u00ec 6 luglio 2018<\/strong><\/em><br \/>\n<strong>Auditorium Parco della Musica \u2013 Cavea<\/strong><br \/>\nVia Pietro de Coubertin, 30<br \/>\nore 21.00 \u2013 biglietti da 28,00 a 55,00 euro<\/p>\n","protected":false},"excerpt":{"rendered":"<p>Partir\u00e0 il 6 luglio, dalla Cavea di Roma dell&#8217;Auditorium Parco della Musica, il nuovo tour di Francesco De Gregori alla volta delle pi\u00f9 prestigiose localit\u00e0 italiane. Lo accompagneranno in questa avventura estiva Guido Guglielminetti al contrabbasso, Paolo Giovenchi alla chitarra, Paolo Giovenchi\u00a0alla pedal steel guitar e Carlo Gaudiello al pianoforte. Questa formazione \u00e8 una novit\u00e0 [&hellip;]<\/p>\n","protected":false},"author":3,"featured_media":5220,"comment_status":"closed","ping_status":"closed","sticky":false,"template":"","format":"standard","meta":{"footnotes":""},"categories":[32,5],"tags":[77,1842,239,2354,2468,86,2469,83],"class_list":["post-5218","post","type-post","status-publish","format-standard","has-post-thumbnail","hentry","category-concerti","category-musica-spettacolo","tag-auditorium-parco-della-musica","tag-carlo-gaudiello","tag-carlo-valenti","tag-francesco-de-gregori","tag-guido-guglielminetti","tag-in-evidenza","tag-paolo-giovenchi","tag-ultimissime"],"_links":{"self":[{"href":"https:\/\/www.farecentronews.com\/index.php?rest_route=\/wp\/v2\/posts\/5218","targetHints":{"allow":["GET"]}}],"collection":[{"href":"https:\/\/www.farecentronews.com\/index.php?rest_route=\/wp\/v2\/posts"}],"about":[{"href":"https:\/\/www.farecentronews.com\/index.php?rest_route=\/wp\/v2\/types\/post"}],"author":[{"embeddable":true,"href":"https:\/\/www.farecentronews.com\/index.php?rest_route=\/wp\/v2\/users\/3"}],"replies":[{"embeddable":true,"href":"https:\/\/www.farecentronews.com\/index.php?rest_route=%2Fwp%2Fv2%2Fcomments&post=5218"}],"version-history":[{"count":1,"href":"https:\/\/www.farecentronews.com\/index.php?rest_route=\/wp\/v2\/posts\/5218\/revisions"}],"predecessor-version":[{"id":5219,"href":"https:\/\/www.farecentronews.com\/index.php?rest_route=\/wp\/v2\/posts\/5218\/revisions\/5219"}],"wp:featuredmedia":[{"embeddable":true,"href":"https:\/\/www.farecentronews.com\/index.php?rest_route=\/wp\/v2\/media\/5220"}],"wp:attachment":[{"href":"https:\/\/www.farecentronews.com\/index.php?rest_route=%2Fwp%2Fv2%2Fmedia&parent=5218"}],"wp:term":[{"taxonomy":"category","embeddable":true,"href":"https:\/\/www.farecentronews.com\/index.php?rest_route=%2Fwp%2Fv2%2Fcategories&post=5218"},{"taxonomy":"post_tag","embeddable":true,"href":"https:\/\/www.farecentronews.com\/index.php?rest_route=%2Fwp%2Fv2%2Ftags&post=5218"}],"curies":[{"name":"wp","href":"https:\/\/api.w.org\/{rel}","templated":true}]}}