{"id":5142,"date":"2018-06-06T09:37:38","date_gmt":"2018-06-06T09:37:38","guid":{"rendered":"http:\/\/www.farecentronews.com\/?p=5142"},"modified":"2018-06-06T09:38:23","modified_gmt":"2018-06-06T09:38:23","slug":"le-corde-dellanima-la-nuova-raccolta-in-onore-di-pino-daniele","status":"publish","type":"post","link":"https:\/\/www.farecentronews.com\/?p=5142","title":{"rendered":"Le corde dell&#8217;anima. La nuova raccolta in onore di Pino Daniele"},"content":{"rendered":"<p><a href=\"http:\/\/www.farecentronews.com\/wp-content\/uploads\/2018\/06\/Cover-Pino-Daniele_Le-corde.jpg\"><img loading=\"lazy\" decoding=\"async\" class=\"alignleft size-medium wp-image-5145\" src=\"http:\/\/www.farecentronews.com\/wp-content\/uploads\/2018\/06\/Cover-Pino-Daniele_Le-corde-227x300.jpg\" alt=\"\" width=\"227\" height=\"300\" srcset=\"https:\/\/www.farecentronews.com\/wp-content\/uploads\/2018\/06\/Cover-Pino-Daniele_Le-corde-227x300.jpg 227w, https:\/\/www.farecentronews.com\/wp-content\/uploads\/2018\/06\/Cover-Pino-Daniele_Le-corde-768x1013.jpg 768w, https:\/\/www.farecentronews.com\/wp-content\/uploads\/2018\/06\/Cover-Pino-Daniele_Le-corde-776x1024.jpg 776w, https:\/\/www.farecentronews.com\/wp-content\/uploads\/2018\/06\/Cover-Pino-Daniele_Le-corde.jpg 814w\" sizes=\"auto, (max-width: 227px) 100vw, 227px\" \/><\/a>Sono passati tre anni e mezzo dalla scomparsa di <strong>Pino Daniele<\/strong>, ma il suo ricordo artistico \u00e8 ancora vividissimo in tutti noi. E proprio Venerd\u00ec 8 Giugno esce finalmente per la Sony Music\/Legacy Recording la nuova raccolta \u201c<strong>Le corde dell&#8217;anima. Studio &amp; Live<\/strong>\u201d, una chicca racchiusa in 4 cd e 40 pagine di musica, racconti e scritti da <strong>John Vignola<\/strong> con le fotografie di <strong>Luciano Viti<\/strong>. \u00ab<em>Nelle canzoni che compongono questo box ci sono le testimonianze ultime di un viaggio che avrebbe potuto riservare ancora qualche sorpresa<\/em> \u2013 racconta John Vignola \u2013 <em>Non solo perch\u00e9, nella fascinazione per armonie sacre o nel ritorno all\u2019essenza dei proprio suoni, Pino Daniele continuava a dimostrare una curiosit\u00e0 che non si era ancora risolta del tutto, ma anche perch\u00e9 le celebrazioni di Nero a met\u00e0 sembravano rilanciare le storie di ieri, farle risuonare in un oggi molto pi\u00f9 disordinato, ma non cos\u00ec inaccogliente. Invece, la storia si chiude qui e in qualche modo rimane, pi\u00f9 che un rimpianto, la consapevolezza che la \u201clezione\u201d di Pino sia insostituibile, come del resto \u00e8 lui, nella migliore storia della musica italiana<\/em>\u00bb. L&#8217;uscita del cofanetto \u00e8 preceduta Gioved\u00ec 7 dall&#8217;evento-tributo live \u201c<strong>Pino \u00e8<\/strong>\u201d, in diretta su<strong> Rai 1<\/strong> in prime time dallo<strong> Stadio San Paolo di Napoli<\/strong>. Ed \u00e8 gi\u00e0 online anche il video \u201c<em><strong>Resta quel che resta<\/strong><\/em>\u201d, il brano inedito composto e inciso oltre 9 anni fa e ritrovato solo adesso: un omaggio al popolo e alla citt\u00e0 del cantautore napoletano. Buon ascolto a tutti, in nome della musica vera. (ph_courtesy of Parole&amp;Dintorni\/Luciano Viti)<\/p>\n<p>www.amazon.it\/Corde-DellAnima-Studio-Live-CD\/dp\/B07CWXXFNR<\/p>\n<p><iframe loading=\"lazy\" title=\"PINO DANIELE - Resta quel che resta (Official Video)\" width=\"630\" height=\"354\" src=\"https:\/\/www.youtube.com\/embed\/p09uYY8ol6E?feature=oembed\" frameborder=\"0\" allow=\"accelerometer; autoplay; clipboard-write; encrypted-media; gyroscope; picture-in-picture; web-share\" referrerpolicy=\"strict-origin-when-cross-origin\" allowfullscreen><\/iframe><\/p>\n","protected":false},"excerpt":{"rendered":"<p>Sono passati tre anni e mezzo dalla scomparsa di Pino Daniele, ma il suo ricordo artistico \u00e8 ancora vividissimo in tutti noi. E proprio Venerd\u00ec 8 Giugno esce finalmente per la Sony Music\/Legacy Recording la nuova raccolta \u201cLe corde dell&#8217;anima. Studio &amp; Live\u201d, una chicca racchiusa in 4 cd e 40 pagine di musica, racconti [&hellip;]<\/p>\n","protected":false},"author":4,"featured_media":5144,"comment_status":"closed","ping_status":"closed","sticky":false,"template":"","format":"standard","meta":{"footnotes":""},"categories":[32,5],"tags":[2440,2439,2441,243,2438,2442],"class_list":["post-5142","post","type-post","status-publish","format-standard","has-post-thumbnail","hentry","category-concerti","category-musica-spettacolo","tag-john-vignola","tag-le-corde-dellanima-studio-live","tag-luciano-viti","tag-marina-de-benedictis","tag-pino-daniele","tag-resta-quel-che-resta"],"_links":{"self":[{"href":"https:\/\/www.farecentronews.com\/index.php?rest_route=\/wp\/v2\/posts\/5142","targetHints":{"allow":["GET"]}}],"collection":[{"href":"https:\/\/www.farecentronews.com\/index.php?rest_route=\/wp\/v2\/posts"}],"about":[{"href":"https:\/\/www.farecentronews.com\/index.php?rest_route=\/wp\/v2\/types\/post"}],"author":[{"embeddable":true,"href":"https:\/\/www.farecentronews.com\/index.php?rest_route=\/wp\/v2\/users\/4"}],"replies":[{"embeddable":true,"href":"https:\/\/www.farecentronews.com\/index.php?rest_route=%2Fwp%2Fv2%2Fcomments&post=5142"}],"version-history":[{"count":2,"href":"https:\/\/www.farecentronews.com\/index.php?rest_route=\/wp\/v2\/posts\/5142\/revisions"}],"predecessor-version":[{"id":5146,"href":"https:\/\/www.farecentronews.com\/index.php?rest_route=\/wp\/v2\/posts\/5142\/revisions\/5146"}],"wp:featuredmedia":[{"embeddable":true,"href":"https:\/\/www.farecentronews.com\/index.php?rest_route=\/wp\/v2\/media\/5144"}],"wp:attachment":[{"href":"https:\/\/www.farecentronews.com\/index.php?rest_route=%2Fwp%2Fv2%2Fmedia&parent=5142"}],"wp:term":[{"taxonomy":"category","embeddable":true,"href":"https:\/\/www.farecentronews.com\/index.php?rest_route=%2Fwp%2Fv2%2Fcategories&post=5142"},{"taxonomy":"post_tag","embeddable":true,"href":"https:\/\/www.farecentronews.com\/index.php?rest_route=%2Fwp%2Fv2%2Ftags&post=5142"}],"curies":[{"name":"wp","href":"https:\/\/api.w.org\/{rel}","templated":true}]}}