{"id":5042,"date":"2018-04-26T15:46:25","date_gmt":"2018-04-26T15:46:25","guid":{"rendered":"http:\/\/www.farecentronews.com\/?p=5042"},"modified":"2018-04-26T15:46:25","modified_gmt":"2018-04-26T15:46:25","slug":"concertone-del-primo-maggio-tutti-i-protagonisti-sul-palco","status":"publish","type":"post","link":"https:\/\/www.farecentronews.com\/?p=5042","title":{"rendered":"Concertone del Primo Maggio: tutti i protagonisti sul palco"},"content":{"rendered":"<p><a href=\"http:\/\/www.farecentronews.com\/wp-content\/uploads\/2018\/04\/Ambra_b.jpg\"><img loading=\"lazy\" decoding=\"async\" class=\"alignleft size-medium wp-image-5046\" src=\"http:\/\/www.farecentronews.com\/wp-content\/uploads\/2018\/04\/Ambra_b-300x170.jpg\" alt=\"\" width=\"300\" height=\"170\" srcset=\"https:\/\/www.farecentronews.com\/wp-content\/uploads\/2018\/04\/Ambra_b-300x170.jpg 300w, https:\/\/www.farecentronews.com\/wp-content\/uploads\/2018\/04\/Ambra_b-768x436.jpg 768w, https:\/\/www.farecentronews.com\/wp-content\/uploads\/2018\/04\/Ambra_b.jpg 945w\" sizes=\"auto, (max-width: 300px) 100vw, 300px\" \/><\/a>Roma si prepara all&#8217;evento musicale che \u00e8 diventato ormai un tradizionale appuntamento per la festa del Primo Maggio: parliamo del <strong>Concertone<\/strong> che si svolger\u00e0 in<strong> Piazza S.Giovanni in Laterano<\/strong> e che vedr\u00e0 come conduttori<strong> Ambra Angiolini<\/strong> e <strong>Lodo Guenzi<\/strong> de Lo Stato Sociale. L&#8217;evento verr\u00e0 trasmesso dalle 15 a mezzanotte su RAI 3 ed anche in diretta su RAI RADIO 2. Vediamo ora i nomi degli artisti che hanno assicurato la loro presenza: GIANNA NANNINI \u2013 FATBOY SLIM \u2013 MAX GAZZ\u00c8 &amp; FORM &#8211; CARMEN CONSOLI \u2013 ERMAL META \u2013 SFERA EBBASTA \u2013 LO STATO SOCIALE \u2013 COSMO \u2013 LE VIBRAZIONI \u2013 CALIBRO 35 \u2013 I MINISTRI \u2013 THE ZEN CIRCUS \u2013 CANOVA \u2013 WILLIE PEYOTE \u2013 ULTIMO \u2013 NITRO \u2013 ACHILLE LAURO e BOSS DOMS \u2013 GAZZELLE \u2013 FRANCESCA\u00a0MICHIELIN \u2013\u00a0FRAH QUINTALE \u2013 GEMITAIZ \u2013 MARIA ANTONIETTA \u2013 GALEFFI \u2013 MIRKOEILCANE \u2013 JOHN DE LEO \u2013 WRONGONYOU \u2013 DARDUST ft. JOAN THIELE\u00a0. Si aggiungono ai nomi in line up anche i vincitori dei contest che ogni anno danno la possibilit\u00e0 ad alcuni giovani e talentuosi artisti di calcare il palco di Piazza San Giovanni.<a href=\"http:\/\/www.farecentronews.com\/wp-content\/uploads\/2018\/04\/Lodo-Guenzi_-b.jpg\"><img loading=\"lazy\" decoding=\"async\" class=\"alignright size-medium wp-image-5047\" src=\"http:\/\/www.farecentronews.com\/wp-content\/uploads\/2018\/04\/Lodo-Guenzi_-b-300x170.jpg\" alt=\"\" width=\"300\" height=\"170\" srcset=\"https:\/\/www.farecentronews.com\/wp-content\/uploads\/2018\/04\/Lodo-Guenzi_-b-300x170.jpg 300w, https:\/\/www.farecentronews.com\/wp-content\/uploads\/2018\/04\/Lodo-Guenzi_-b-768x436.jpg 768w, https:\/\/www.farecentronews.com\/wp-content\/uploads\/2018\/04\/Lodo-Guenzi_-b.jpg 945w\" sizes=\"auto, (max-width: 300px) 100vw, 300px\" \/><\/a><\/p>\n<p>Si esibiranno al\u00a0Concertone 2018\u00a0in qualit\u00e0 di vincitori di<strong>\u00a01M NEXT 2018<\/strong>:\u00a0ERIO, LA MUNICIP\u00c0L e ZUIN. Il\u00a0vincitore assoluto verr\u00e0 poi proclamato durante l\u2019evento ed avr\u00e0 la possibilit\u00e0 di ricevere i premi di\u00a0SIAE, Nuovo Imaie, \u00a0Altoparlante\u00a0e\u00a0MEI.\u00a0Sul palco di Piazza San Giovanni suoneranno anche\u00a0ESPOSITO\u00a0(vincitore di\u00a0Area Sanremo\u00a0&#8211; concorso partner di 1M NEXT fin dal 2016),\u00a0BRASCHI\u00a0(selezionato dal contest\u00a0iLiveMusic),\u00a0GIORGIO BALDARI\u00a0(dal contest musicale per la Sicurezza Stradale\u00a0#buonmotivo) e gli\u00a0INDIGO FACE, band alternative-pop londinese che ha trionfato alla finale di<strong>\u00a01MEurope 2018\u00a0<\/strong>che si \u00e8 svolta al Cargo2 di Londra. (ph_apertura fonte GQ Italia)<\/p>\n<p>www.primomaggio.net\u00a0&#8211;\u00a0www.facebook.com\/primomaggioroma<br \/>\nwww.twitter.com\/primomaggioroma\u00a0\u00a0&#8211;\u00a0\u00a0www.instagram.com\/primomaggioroma<\/p>\n","protected":false},"excerpt":{"rendered":"<p>Roma si prepara all&#8217;evento musicale che \u00e8 diventato ormai un tradizionale appuntamento per la festa del Primo Maggio: parliamo del Concertone che si svolger\u00e0 in Piazza S.Giovanni in Laterano e che vedr\u00e0 come conduttori Ambra Angiolini e Lodo Guenzi de Lo Stato Sociale. L&#8217;evento verr\u00e0 trasmesso dalle 15 a mezzanotte su RAI 3 ed anche [&hellip;]<\/p>\n","protected":false},"author":3,"featured_media":5044,"comment_status":"closed","ping_status":"closed","sticky":false,"template":"","format":"standard","meta":{"footnotes":""},"categories":[32,5],"tags":[2389,2388,2386,239,1360,2384,1710,2387,2241,2385],"class_list":["post-5042","post","type-post","status-publish","format-standard","has-post-thumbnail","hentry","category-concerti","category-musica-spettacolo","tag-1m-next-2018","tag-1meurope-2018","tag-ambra-angiolini","tag-carlo-valenti","tag-carmen-consoli","tag-concertone","tag-gianna-nannini","tag-lodo-guenzi","tag-max-gazze","tag-primo-maggio"],"_links":{"self":[{"href":"https:\/\/www.farecentronews.com\/index.php?rest_route=\/wp\/v2\/posts\/5042","targetHints":{"allow":["GET"]}}],"collection":[{"href":"https:\/\/www.farecentronews.com\/index.php?rest_route=\/wp\/v2\/posts"}],"about":[{"href":"https:\/\/www.farecentronews.com\/index.php?rest_route=\/wp\/v2\/types\/post"}],"author":[{"embeddable":true,"href":"https:\/\/www.farecentronews.com\/index.php?rest_route=\/wp\/v2\/users\/3"}],"replies":[{"embeddable":true,"href":"https:\/\/www.farecentronews.com\/index.php?rest_route=%2Fwp%2Fv2%2Fcomments&post=5042"}],"version-history":[{"count":3,"href":"https:\/\/www.farecentronews.com\/index.php?rest_route=\/wp\/v2\/posts\/5042\/revisions"}],"predecessor-version":[{"id":5048,"href":"https:\/\/www.farecentronews.com\/index.php?rest_route=\/wp\/v2\/posts\/5042\/revisions\/5048"}],"wp:featuredmedia":[{"embeddable":true,"href":"https:\/\/www.farecentronews.com\/index.php?rest_route=\/wp\/v2\/media\/5044"}],"wp:attachment":[{"href":"https:\/\/www.farecentronews.com\/index.php?rest_route=%2Fwp%2Fv2%2Fmedia&parent=5042"}],"wp:term":[{"taxonomy":"category","embeddable":true,"href":"https:\/\/www.farecentronews.com\/index.php?rest_route=%2Fwp%2Fv2%2Fcategories&post=5042"},{"taxonomy":"post_tag","embeddable":true,"href":"https:\/\/www.farecentronews.com\/index.php?rest_route=%2Fwp%2Fv2%2Ftags&post=5042"}],"curies":[{"name":"wp","href":"https:\/\/api.w.org\/{rel}","templated":true}]}}