{"id":5032,"date":"2018-04-23T15:56:40","date_gmt":"2018-04-23T15:56:40","guid":{"rendered":"http:\/\/www.farecentronews.com\/?p=5032"},"modified":"2018-05-08T15:49:16","modified_gmt":"2018-05-08T15:49:16","slug":"maria-gallenga-la-moda-e-unarte-raffinata","status":"publish","type":"post","link":"https:\/\/www.farecentronews.com\/?p=5032","title":{"rendered":"Maria Gallenga. La Moda \u00e8 un&#8217;arte raffinata"},"content":{"rendered":"<p><strong><a href=\"http:\/\/www.farecentronews.com\/wp-content\/uploads\/2018\/04\/2018-04-16-18.29.37.jpg\"><img loading=\"lazy\" decoding=\"async\" class=\"alignleft size-medium wp-image-5035\" src=\"http:\/\/www.farecentronews.com\/wp-content\/uploads\/2018\/04\/2018-04-16-18.29.37-300x225.jpg\" alt=\"\" width=\"300\" height=\"225\" srcset=\"https:\/\/www.farecentronews.com\/wp-content\/uploads\/2018\/04\/2018-04-16-18.29.37-300x225.jpg 300w, https:\/\/www.farecentronews.com\/wp-content\/uploads\/2018\/04\/2018-04-16-18.29.37.jpg 500w\" sizes=\"auto, (max-width: 300px) 100vw, 300px\" \/><\/a>Maria Monaci Gallenga<\/strong>, <strong>Moda e arte tra le due guerre<\/strong>. Una bellissima mostra \u00e8 visibile sino al <em><strong>3 Giugno<\/strong> <\/em>al piano superiore della<strong> Galleria Nazionale di Arte Moderna e Contemporanea<\/strong> in<em><strong> Via delle Belle Arti a Roma<\/strong><\/em>, dedicata a una donna dal gusto raffinato e innovativo. <strong>Maria Monaci Gallenga<\/strong> \u00e8 stata infatti una stilista &#8211; ma soprattutto una sperimentatrice &#8211; con una personale e inesauribile creativit\u00e0 espressa fra il 1910 e il &#8217;34. Sensibile al bello, sapeva coniugare le sue creazioni con oggetti di design di altissimo livello mettendo cos\u00ec in mostra non solo la propria bravura ma anche l&#8217;abilit\u00e0 artistica di alcuni Autori dell&#8217;epoca &#8211; come <strong>Cambellotti, Zecchin, De Carolis<\/strong> \u2013 in un unico fil rouge in nome dell&#8217;eleganza. Cos\u00ec allestiva sapientemente i suoi stand nell&#8217;ambito di numerose esposizioni internazionali, diventando l&#8217;ambasciatrice del binomio moda\/arte e abbinando con gusto sopraffino oggetti e mobili che oggi chiamiamo \u201c<em>complementi d&#8217;arredo<\/em>\u201d. <a href=\"http:\/\/www.farecentronews.com\/wp-content\/uploads\/2018\/04\/2018-04-16-18.31.37.jpg\"><img loading=\"lazy\" decoding=\"async\" class=\"alignright size-medium wp-image-5036\" src=\"http:\/\/www.farecentronews.com\/wp-content\/uploads\/2018\/04\/2018-04-16-18.31.37-300x225.jpg\" alt=\"\" width=\"300\" height=\"225\" srcset=\"https:\/\/www.farecentronews.com\/wp-content\/uploads\/2018\/04\/2018-04-16-18.31.37-300x225.jpg 300w, https:\/\/www.farecentronews.com\/wp-content\/uploads\/2018\/04\/2018-04-16-18.31.37.jpg 500w\" sizes=\"auto, (max-width: 300px) 100vw, 300px\" \/><\/a>L&#8217;Artista, infatti, ha avuto un ruolo fondamentale per la divulgazione delle arti applicate italiane all&#8217;estero, sia con l&#8217;apertura della<em> Boutique Italienne<\/em> a Parigi nel 1928 che con i diversi premi ottenuti, fra i quali il<em> Grand Prize alla Panama-Pacific International Exposition a San Francisco<\/em> nel 1915 e il <em>Grand Prix all\u2019Exposition Internationale des Arts D\u00e9coratifs<\/em> di Parigi nel 1925. Ideatrice di un brevetto esclusivo per stampare in oro e argento i tessuti da lei stessa disegnati, Maria Gallenga ha firmato elegantissime cappe, raffinati abiti, mantelle, tendaggi, dove la cura del dettaglio \u00e8 davvero squisita. Basta guardare i decori di murrine sulle spalle, i colli sontuosi, le maniche a kimono, i lucenti velluti in seta, i cr\u00eape de Chine, i disegni di ispirazione bizantina e rinascimentale, per vivere un sogno chiamato Moda. 80 le opere in mostra, che comprendono fotografie, disegni e bozzetti conservati presso gli Archivi delle Arti Applicate Italiane del xx secolo &#8211; centro di documentazione e ricerca, oggi afferente ai Fondi Storici della Galleria Nazionale grazie alla donazione di<strong> Irene de Guttry<\/strong> e <strong>Maria Paola Maino<\/strong> curatrici della mostra. <a href=\"http:\/\/www.farecentronews.com\/wp-content\/uploads\/2018\/04\/2018-04-16-18.22.09.jpg\"><img loading=\"lazy\" decoding=\"async\" class=\"alignleft size-medium wp-image-5038\" src=\"http:\/\/www.farecentronews.com\/wp-content\/uploads\/2018\/04\/2018-04-16-18.22.09-225x300.jpg\" alt=\"\" width=\"225\" height=\"300\" srcset=\"https:\/\/www.farecentronews.com\/wp-content\/uploads\/2018\/04\/2018-04-16-18.22.09-225x300.jpg 225w, https:\/\/www.farecentronews.com\/wp-content\/uploads\/2018\/04\/2018-04-16-18.22.09.jpg 500w\" sizes=\"auto, (max-width: 225px) 100vw, 225px\" \/><\/a>E ancora: dipinti, sculture, vetri, arazzi provenienti da collezioni private che ci regalano l&#8217;atmosfera dell&#8217;epoca. Riscoperta dal 1996, grazie agli studi della storica dell\u2019arte <strong>Gloria Raimondi<\/strong>, la Gallenga ha fatto al storia della Moda e dell&#8217;arte, grazie alla sua complessa personalit\u00e0 ricca di interessi e curiosit\u00e0 in campi diversi. Perch\u00e9 la creativit\u00e0 va nutrita da innumerevoli fonti. Imperdibile. (\u00a9 ph_Marina De Benedictis. tutti i diritti riservati)<\/p>\n<p><em><strong>Sino al 3 Giugno 2108<\/strong><\/em><br \/>\n<strong>\u201cMaria Monaci Gallenga, Moda e arte tra le due guerre\u201d<\/strong><br \/>\nGNAM_Viale delle Belle Arti 131, Roma<br \/>\ningresso disabili Via Gramsci 71<br \/>\norari: dal marted\u00ec alla domenica: 8.30 \u2013 19.30<br \/>\nlagallerianazionale.com<\/p>\n","protected":false},"excerpt":{"rendered":"<p>Maria Monaci Gallenga, Moda e arte tra le due guerre. Una bellissima mostra \u00e8 visibile sino al 3 Giugno al piano superiore della Galleria Nazionale di Arte Moderna e Contemporanea in Via delle Belle Arti a Roma, dedicata a una donna dal gusto raffinato e innovativo. Maria Monaci Gallenga \u00e8 stata infatti una stilista &#8211; [&hellip;]<\/p>\n","protected":false},"author":4,"featured_media":5034,"comment_status":"closed","ping_status":"closed","sticky":false,"template":"","format":"standard","meta":{"footnotes":""},"categories":[35,1],"tags":[2198,2380,2379,2382,2378,2383,243,83,2381],"class_list":["post-5032","post","type-post","status-publish","format-standard","has-post-thumbnail","hentry","category-fashion-news","category-moda-shopping","tag-adolfo-de-carolis","tag-cambellotti","tag-galleria-nazionale-di-arte-moderna-e-contemporanea","tag-irene-de-guttry","tag-maria-monaci-gallenga","tag-maria-paola-maino","tag-marina-de-benedictis","tag-ultimissime","tag-zecchin"],"_links":{"self":[{"href":"https:\/\/www.farecentronews.com\/index.php?rest_route=\/wp\/v2\/posts\/5032","targetHints":{"allow":["GET"]}}],"collection":[{"href":"https:\/\/www.farecentronews.com\/index.php?rest_route=\/wp\/v2\/posts"}],"about":[{"href":"https:\/\/www.farecentronews.com\/index.php?rest_route=\/wp\/v2\/types\/post"}],"author":[{"embeddable":true,"href":"https:\/\/www.farecentronews.com\/index.php?rest_route=\/wp\/v2\/users\/4"}],"replies":[{"embeddable":true,"href":"https:\/\/www.farecentronews.com\/index.php?rest_route=%2Fwp%2Fv2%2Fcomments&post=5032"}],"version-history":[{"count":3,"href":"https:\/\/www.farecentronews.com\/index.php?rest_route=\/wp\/v2\/posts\/5032\/revisions"}],"predecessor-version":[{"id":5039,"href":"https:\/\/www.farecentronews.com\/index.php?rest_route=\/wp\/v2\/posts\/5032\/revisions\/5039"}],"wp:featuredmedia":[{"embeddable":true,"href":"https:\/\/www.farecentronews.com\/index.php?rest_route=\/wp\/v2\/media\/5034"}],"wp:attachment":[{"href":"https:\/\/www.farecentronews.com\/index.php?rest_route=%2Fwp%2Fv2%2Fmedia&parent=5032"}],"wp:term":[{"taxonomy":"category","embeddable":true,"href":"https:\/\/www.farecentronews.com\/index.php?rest_route=%2Fwp%2Fv2%2Fcategories&post=5032"},{"taxonomy":"post_tag","embeddable":true,"href":"https:\/\/www.farecentronews.com\/index.php?rest_route=%2Fwp%2Fv2%2Ftags&post=5032"}],"curies":[{"name":"wp","href":"https:\/\/api.w.org\/{rel}","templated":true}]}}