{"id":5024,"date":"2018-04-16T08:43:52","date_gmt":"2018-04-16T08:43:52","guid":{"rendered":"http:\/\/www.farecentronews.com\/?p=5024"},"modified":"2018-04-16T08:44:28","modified_gmt":"2018-04-16T08:44:28","slug":"national-geographic-a-roma-il-xiii-festival-delle-scienze","status":"publish","type":"post","link":"https:\/\/www.farecentronews.com\/?p=5024","title":{"rendered":"National Geographic. A Roma il XIII Festival delle Scienze"},"content":{"rendered":"<p><a href=\"http:\/\/www.farecentronews.com\/wp-content\/uploads\/2018\/04\/APERTURA_L2_9887.jpg\"><img loading=\"lazy\" decoding=\"async\" class=\"alignleft size-medium wp-image-5027\" src=\"http:\/\/www.farecentronews.com\/wp-content\/uploads\/2018\/04\/APERTURA_L2_9887-300x200.jpg\" alt=\"\" width=\"300\" height=\"200\" srcset=\"https:\/\/www.farecentronews.com\/wp-content\/uploads\/2018\/04\/APERTURA_L2_9887-300x200.jpg 300w, https:\/\/www.farecentronews.com\/wp-content\/uploads\/2018\/04\/APERTURA_L2_9887.jpg 700w\" sizes=\"auto, (max-width: 300px) 100vw, 300px\" \/><\/a>Le cause delle cose. Riparte il<strong> Festival delle Scienze<\/strong> promosso dal<strong> National Geographic<\/strong>, alla sua XIII edizione, dal 16 al 22 Aprile all&#8217;<strong>Auditorium Parco della Musica<\/strong>. Un fittissimo programma che comprende conferenze, spettacoli, incontri didattici per i pi\u00f9 piccoli, proiezioni e quant&#8217;altro sullo studio delle relazioni causa-effetto in ambito scientifico. Diverse le declinazioni del tema di quest&#8217;anno che si dipanano in 340 eventi, 40 incontri con scienziati da tutto il mondo e ben 200 attivit\u00e0 educative: il tutto a 3 euro a evemto, salvo diverse indicazioni. Vastissima la scelta divulgativa nella settimana della scienza, grazie a<em> National Geographic, Fondazione Musica per Roma, ASI, INFN, MIUR, CNR, INGV, IIT, INAF<\/em>, e tanti altri Partner di questa ricca iniziativa alla portata di tutti. Si spazia da Terra e Ambiente a Pensiero e Creativit\u00e0 passando per Societ\u00e0 e Legge, Tecnologia e Realt\u00e0 in un approccio interdisciplinare con la presenza di filosofi, scienziati, storici, giornalisti, esperti di altissima fama che speculeranno sui temi indicati da differenti punti di vista. <a href=\"http:\/\/www.farecentronews.com\/wp-content\/uploads\/2018\/04\/immagine-festival.jpg\"><img loading=\"lazy\" decoding=\"async\" class=\"alignright size-medium wp-image-5029\" src=\"http:\/\/www.farecentronews.com\/wp-content\/uploads\/2018\/04\/immagine-festival-300x134.jpg\" alt=\"\" width=\"300\" height=\"134\" srcset=\"https:\/\/www.farecentronews.com\/wp-content\/uploads\/2018\/04\/immagine-festival-300x134.jpg 300w, https:\/\/www.farecentronews.com\/wp-content\/uploads\/2018\/04\/immagine-festival.jpg 600w\" sizes=\"auto, (max-width: 300px) 100vw, 300px\" \/><\/a>Stimolante e tutto da scoprire, il Festival include anche anteprime di film legati al tema della causalit\u00e0, eventi collaterali al MAXXI e al Bioparco. Si comincia con gli oceani da salvare e si conclude con il futuro della Terra, mentre si esplorano terremoti e galassie. Perch\u00e9 \u201c<em>Felice \u00e8 colui che ha potuto conoscere la causa delle cose<\/em>\u201d (Virgilio). (ph_courtey of FondazioneMusicaperRoma)<\/p>\n<p>https:\/\/it-it.facebook.com\/AuditoriumParcodellaMusicaRoma\/<\/p>\n<p><a class=\"twitter-timeline\" data-width=\"630\" data-height=\"945\" data-dnt=\"true\" href=\"https:\/\/twitter.com\/AuditoriumPdM?ref_src=twsrc%5Etfw\">Tweets by AuditoriumPdM<\/a><script async src=\"https:\/\/platform.twitter.com\/widgets.js\" charset=\"utf-8\"><\/script><\/p>\n<p>www.instagram.com\/auditoriumparcodellamusica<br \/>\n#FestivaldelleScienze #NGSF<br \/>\nNATIONAL GEOGRAPHIC FESTIVAL DELLE SCIENZE<br \/>\nAuditorium Parco della Musica, Viale Pietro de Coubertin_Roma<br \/>\nDal 16 al 22 Aprile 2018<br \/>\nProgramma completo su: auditorium.com; 0680241281<br \/>\ninfopoint biglietti: 0680241281; call center 892982<\/p>\n","protected":false},"excerpt":{"rendered":"<p>Le cause delle cose. Riparte il Festival delle Scienze promosso dal National Geographic, alla sua XIII edizione, dal 16 al 22 Aprile all&#8217;Auditorium Parco della Musica. Un fittissimo programma che comprende conferenze, spettacoli, incontri didattici per i pi\u00f9 piccoli, proiezioni e quant&#8217;altro sullo studio delle relazioni causa-effetto in ambito scientifico. Diverse le declinazioni del tema [&hellip;]<\/p>\n","protected":false},"author":4,"featured_media":5026,"comment_status":"closed","ping_status":"closed","sticky":false,"template":"","format":"standard","meta":{"footnotes":""},"categories":[5],"tags":[77,2377,243,1280,83],"class_list":["post-5024","post","type-post","status-publish","format-standard","has-post-thumbnail","hentry","category-musica-spettacolo","tag-auditorium-parco-della-musica","tag-festival-delle-scienze","tag-marina-de-benedictis","tag-national-geographic-italia","tag-ultimissime"],"_links":{"self":[{"href":"https:\/\/www.farecentronews.com\/index.php?rest_route=\/wp\/v2\/posts\/5024","targetHints":{"allow":["GET"]}}],"collection":[{"href":"https:\/\/www.farecentronews.com\/index.php?rest_route=\/wp\/v2\/posts"}],"about":[{"href":"https:\/\/www.farecentronews.com\/index.php?rest_route=\/wp\/v2\/types\/post"}],"author":[{"embeddable":true,"href":"https:\/\/www.farecentronews.com\/index.php?rest_route=\/wp\/v2\/users\/4"}],"replies":[{"embeddable":true,"href":"https:\/\/www.farecentronews.com\/index.php?rest_route=%2Fwp%2Fv2%2Fcomments&post=5024"}],"version-history":[{"count":3,"href":"https:\/\/www.farecentronews.com\/index.php?rest_route=\/wp\/v2\/posts\/5024\/revisions"}],"predecessor-version":[{"id":5030,"href":"https:\/\/www.farecentronews.com\/index.php?rest_route=\/wp\/v2\/posts\/5024\/revisions\/5030"}],"wp:featuredmedia":[{"embeddable":true,"href":"https:\/\/www.farecentronews.com\/index.php?rest_route=\/wp\/v2\/media\/5026"}],"wp:attachment":[{"href":"https:\/\/www.farecentronews.com\/index.php?rest_route=%2Fwp%2Fv2%2Fmedia&parent=5024"}],"wp:term":[{"taxonomy":"category","embeddable":true,"href":"https:\/\/www.farecentronews.com\/index.php?rest_route=%2Fwp%2Fv2%2Fcategories&post=5024"},{"taxonomy":"post_tag","embeddable":true,"href":"https:\/\/www.farecentronews.com\/index.php?rest_route=%2Fwp%2Fv2%2Ftags&post=5024"}],"curies":[{"name":"wp","href":"https:\/\/api.w.org\/{rel}","templated":true}]}}