{"id":5000,"date":"2018-04-07T17:05:37","date_gmt":"2018-04-07T17:05:37","guid":{"rendered":"http:\/\/www.farecentronews.com\/?p=5000"},"modified":"2018-04-07T17:06:14","modified_gmt":"2018-04-07T17:06:14","slug":"la-citta-della-pizza-profumo-di-buono-al-guido-reni-district","status":"publish","type":"post","link":"https:\/\/www.farecentronews.com\/?p=5000","title":{"rendered":"La Citt\u00e0 della Pizza. Profumo di buono al Guido Reni District"},"content":{"rendered":"<p><a href=\"http:\/\/www.farecentronews.com\/wp-content\/uploads\/2018\/04\/citta\u00cc-dellapizza_ADL_0376.jpg\"><img loading=\"lazy\" decoding=\"async\" class=\"alignleft size-medium wp-image-5003\" src=\"http:\/\/www.farecentronews.com\/wp-content\/uploads\/2018\/04\/citta\u00cc-dellapizza_ADL_0376-300x200.jpg\" alt=\"\" width=\"300\" height=\"200\" srcset=\"https:\/\/www.farecentronews.com\/wp-content\/uploads\/2018\/04\/citta\u00cc-dellapizza_ADL_0376-300x200.jpg 300w, https:\/\/www.farecentronews.com\/wp-content\/uploads\/2018\/04\/citta\u00cc-dellapizza_ADL_0376.jpg 600w\" sizes=\"auto, (max-width: 300px) 100vw, 300px\" \/><\/a>Il luogo \u00e8 il <strong>Guido Reni District<\/strong> a pochi passi dall<strong>&#8216;Auditorium Parco della Musica<\/strong>. L&#8217;evento, alla sua seconda edizione, \u00e8 <strong>La Citt\u00e0 della Pizza<\/strong>: uno spazio dedicato per tutto il week end al cibo pi\u00f9 amato, frutto dell&#8217;arte culinaria dei pi\u00f9 abili pizzaioli nazionali. Tecniche, stili, ricette, incontri con uno staff di chef specializzati nell&#8217;impasto pi\u00f9 delicato e desiderato al mondo. E se la pizza ormai \u00e8 una specialit\u00e0 Made in Italy che tutti ci invidiano e che ha raggiunto altissimi livelli di maestr\u00eca, in alcuni casi l&#8217;impasto \u00e8 addirittura farcito con il sac a poche: lo fa sotto i nostri occhi, con passione e amore, il grande pizzaiolo napoletano <strong>Franco Pepe<\/strong>\u00a0. Ma l&#8217;evento offre anche prosecco doc, vini, birra, champagne Ruinart, olio d&#8217;oliva in una intensa kermesse del buon gusto che si sviluppa grandiosamente all&#8217;interno della ex caserma romana. Qui \u00e8 possibile non solo addentare le ottime pizze sfornate al momento, ma anche partecipare ai laboratori di \u201cA scuola di pizza\u201d: oggi ad esempio alle 14.00<strong> Fausto Borella<\/strong>, Presidente dell\u2019<strong>Accademia Maestro d\u2019olio<\/strong>, guida la degustazione di extravergine provenienti da differenti regioni italiane;<a href=\"http:\/\/www.farecentronews.com\/wp-content\/uploads\/2018\/04\/FRANCO-PEPE.jpg\"><img loading=\"lazy\" decoding=\"async\" class=\"alignright size-medium wp-image-5004\" src=\"http:\/\/www.farecentronews.com\/wp-content\/uploads\/2018\/04\/FRANCO-PEPE-300x225.jpg\" alt=\"\" width=\"300\" height=\"225\" srcset=\"https:\/\/www.farecentronews.com\/wp-content\/uploads\/2018\/04\/FRANCO-PEPE-300x225.jpg 300w, https:\/\/www.farecentronews.com\/wp-content\/uploads\/2018\/04\/FRANCO-PEPE.jpg 500w\" sizes=\"auto, (max-width: 300px) 100vw, 300px\" \/><\/a> alle 17.30 <strong>Stefano Callegari<\/strong> istruisce i presenti su \u201cCalori, cotture, pizze\u201d e alle 20.00, il lab \u201cLievito Madre\u201d tenuto dall<strong>\u2019Associazione Il pane lo porto io<\/strong>. Per i pi\u00f9 piccoli, invece, in programma i divertenti laboratori del \u201cKids Lab\u201d organizzati da <strong>Boing<\/strong> (canale 40 del DTT) insieme all<strong>\u2019Associazione I diti in pasta<\/strong>. \u201cSono davvero tanti gli appuntamenti creati per questa seconda edizione \u2013 sottolinea<strong> Emiliano De Venuti<\/strong>, ideatore de<strong> La Citt\u00e0 della Pizza<\/strong> e CEO di <strong>Vin\u00f2forum<\/strong> \u2013 e i sapori e i profumi dell\u2019Italia della pizza riempiranno Roma, quasi senza soluzione di continuit\u00e0, per tutto il week-end. Ci auguriamo possano essere giornate di divertimento per gli appassionati e di condivisione, approfondimento e confronto per tutti gli addetti ai lavori\u201d. Buon appetito a tutti! (ph_courtesy of Mg Logos; Marina De Benedictis)<\/p>\n<p><strong>LA CITT\u00c0 DELLA PIZZA<\/strong><br \/>\nGuido Reni District, via Guido Reni, 7 Roma<br \/>\nSabato 7 aprile ore 11.00 \u2013 24.00\/ domenica 8 aprile ore 11.00 \u2013 23.00<br \/>\ningresso gratuito. info e le prenotazioni www.lacittadellapizza.it<\/p>\n","protected":false},"excerpt":{"rendered":"<p>Il luogo \u00e8 il Guido Reni District a pochi passi dall&#8216;Auditorium Parco della Musica. L&#8217;evento, alla sua seconda edizione, \u00e8 La Citt\u00e0 della Pizza: uno spazio dedicato per tutto il week end al cibo pi\u00f9 amato, frutto dell&#8217;arte culinaria dei pi\u00f9 abili pizzaioli nazionali. Tecniche, stili, ricette, incontri con uno staff di chef specializzati nell&#8217;impasto [&hellip;]<\/p>\n","protected":false},"author":4,"featured_media":5001,"comment_status":"closed","ping_status":"closed","sticky":false,"template":"","format":"standard","meta":{"footnotes":""},"categories":[92],"tags":[2373,2371,2370,1912,2369,243,321,2372],"class_list":["post-5000","post","type-post","status-publish","format-standard","has-post-thumbnail","hentry","category-lifestyle","tag-emiliano-de-venuti","tag-fausto-borella","tag-franco-pepe","tag-guido-reni-district","tag-la-citta-della-pizza","tag-marina-de-benedictis","tag-night-and-food","tag-stefano-callegari"],"_links":{"self":[{"href":"https:\/\/www.farecentronews.com\/index.php?rest_route=\/wp\/v2\/posts\/5000","targetHints":{"allow":["GET"]}}],"collection":[{"href":"https:\/\/www.farecentronews.com\/index.php?rest_route=\/wp\/v2\/posts"}],"about":[{"href":"https:\/\/www.farecentronews.com\/index.php?rest_route=\/wp\/v2\/types\/post"}],"author":[{"embeddable":true,"href":"https:\/\/www.farecentronews.com\/index.php?rest_route=\/wp\/v2\/users\/4"}],"replies":[{"embeddable":true,"href":"https:\/\/www.farecentronews.com\/index.php?rest_route=%2Fwp%2Fv2%2Fcomments&post=5000"}],"version-history":[{"count":2,"href":"https:\/\/www.farecentronews.com\/index.php?rest_route=\/wp\/v2\/posts\/5000\/revisions"}],"predecessor-version":[{"id":5005,"href":"https:\/\/www.farecentronews.com\/index.php?rest_route=\/wp\/v2\/posts\/5000\/revisions\/5005"}],"wp:featuredmedia":[{"embeddable":true,"href":"https:\/\/www.farecentronews.com\/index.php?rest_route=\/wp\/v2\/media\/5001"}],"wp:attachment":[{"href":"https:\/\/www.farecentronews.com\/index.php?rest_route=%2Fwp%2Fv2%2Fmedia&parent=5000"}],"wp:term":[{"taxonomy":"category","embeddable":true,"href":"https:\/\/www.farecentronews.com\/index.php?rest_route=%2Fwp%2Fv2%2Fcategories&post=5000"},{"taxonomy":"post_tag","embeddable":true,"href":"https:\/\/www.farecentronews.com\/index.php?rest_route=%2Fwp%2Fv2%2Ftags&post=5000"}],"curies":[{"name":"wp","href":"https:\/\/api.w.org\/{rel}","templated":true}]}}