{"id":4992,"date":"2018-04-05T08:56:11","date_gmt":"2018-04-05T08:56:11","guid":{"rendered":"http:\/\/www.farecentronews.com\/?p=4992"},"modified":"2018-04-05T08:56:11","modified_gmt":"2018-04-05T08:56:11","slug":"roma-summer-fest-da-luca-barbarossa-a-sting","status":"publish","type":"post","link":"https:\/\/www.farecentronews.com\/?p=4992","title":{"rendered":"Roma Summer Fest. Da Luca Barbarossa a Sting"},"content":{"rendered":"<p><a href=\"http:\/\/www.farecentronews.com\/wp-content\/uploads\/2018\/04\/Alex-Britti.jpg\"><img loading=\"lazy\" decoding=\"async\" class=\"alignleft size-medium wp-image-4995\" src=\"http:\/\/www.farecentronews.com\/wp-content\/uploads\/2018\/04\/Alex-Britti-300x200.jpg\" alt=\"\" width=\"300\" height=\"200\" srcset=\"https:\/\/www.farecentronews.com\/wp-content\/uploads\/2018\/04\/Alex-Britti-300x200.jpg 300w, https:\/\/www.farecentronews.com\/wp-content\/uploads\/2018\/04\/Alex-Britti.jpg 500w\" sizes=\"auto, (max-width: 300px) 100vw, 300px\" \/><\/a>Un&#8217;estate rovente, musicalmente parlando, quella in programmazione per il <strong>Roma Summer Fest<\/strong> all&#8217;<strong>Auditorium Parco della Musica<\/strong>. Dal<em><strong> 26 Maggio al 1 Agosto<\/strong><\/em>, infatti, partiranno oltre 40 concerti per pi\u00f9 di due mesi di spettacoli: dal rock al jazz, dal pop alla classica, con incursioni comiche <em><strong>(Gigi Proietti il 20 1 23 Giugno<\/strong><\/em>), artisti internazionali e nostrani. Nominare tutti \u00e8 impossibile, ma citiamo qui alcuni big previsti nel nutrito cartellone, visibile in toto su auditorium.com: si comincia con<strong> Arctic Monkeys<\/strong> e si prosegue con<strong> Retape<\/strong> il 2 e 3 Giugno dedicato alla scena romana emergente, poi<strong> Luca Barbarossa<\/strong> il 29 Giugno, , i <strong>Simple Minds<\/strong> il 3 Luglio,<strong> Alex Britti<\/strong> il 13, <strong>Chick Corea<\/strong> il 14,<strong> James Blunt<\/strong> il 17,<strong> Caetano Veloso<\/strong> il 21, <strong>Sting+Shaggy<\/strong> il 28.<\/p>\n<p>Numerosi anche gli spettacoli dedicati alla canzone popolare italiana e gli appuntamenti di musica classica curati dall<strong>&#8216;Accademia Nazionale di Santa Cecilia<\/strong>, con importanti concerti in cartellone: ad esempio, il 18 Luglio i<em> Carmina Burana<\/em> di <strong>Carl Orff<\/strong> e 24 brani con testo in latino eseguiti da Coro, Voci bianche, Solisti e Percussioni dell&#8217;Accademia;<a href=\"http:\/\/www.farecentronews.com\/wp-content\/uploads\/2018\/04\/STING-SHAGGY-BY-SALVADOR-.jpg\"><img loading=\"lazy\" decoding=\"async\" class=\"alignright size-medium wp-image-4996\" src=\"http:\/\/www.farecentronews.com\/wp-content\/uploads\/2018\/04\/STING-SHAGGY-BY-SALVADOR--300x290.jpg\" alt=\"\" width=\"300\" height=\"290\" srcset=\"https:\/\/www.farecentronews.com\/wp-content\/uploads\/2018\/04\/STING-SHAGGY-BY-SALVADOR--300x290.jpg 300w, https:\/\/www.farecentronews.com\/wp-content\/uploads\/2018\/04\/STING-SHAGGY-BY-SALVADOR-.jpg 600w\" sizes=\"auto, (max-width: 300px) 100vw, 300px\" \/><\/a> il 26 Luglio Khatia Buniatishvili, con il concerto per pianoforte e orchestra n. 1 di Ciajkovskij. Ma la novit\u00e0, quest&#8217;anno, \u00e8 anche la possibilit\u00e0 di assistere ad alcuni eventi in piedi nel parterre della cavea. Un&#8217;estate all&#8217;insegna del divertimento, quindi, per un pubblico eterogeneo amante del bello. (ph_courtesy of Magliocchetti; Salvador Ochoa_FondazioneMusicaperRoma)<\/p>\n<p>auditorium.com<br \/>\n#RomaSummerFest<br \/>\n<span style=\"line-height: 1.5\">info e biglietti: 0680241281; ticketone.it<\/span><\/p>\n","protected":false},"excerpt":{"rendered":"<p>Un&#8217;estate rovente, musicalmente parlando, quella in programmazione per il Roma Summer Fest all&#8217;Auditorium Parco della Musica. Dal 26 Maggio al 1 Agosto, infatti, partiranno oltre 40 concerti per pi\u00f9 di due mesi di spettacoli: dal rock al jazz, dal pop alla classica, con incursioni comiche (Gigi Proietti il 20 1 23 Giugno), artisti internazionali e [&hellip;]<\/p>\n","protected":false},"author":4,"featured_media":4993,"comment_status":"closed","ping_status":"closed","sticky":false,"template":"","format":"standard","meta":{"footnotes":""},"categories":[32,5],"tags":[766,2361,77,1748,2365,86,2366,2368,2363,243,2362,2360,2364,2367],"class_list":["post-4992","post","type-post","status-publish","format-standard","has-post-thumbnail","hentry","category-concerti","category-musica-spettacolo","tag-alex-britti","tag-arctic-monkeys","tag-auditorium-parco-della-musica","tag-caetano-veloso","tag-chick-corea","tag-in-evidenza","tag-james-blunt","tag-khatia-buniatishvili","tag-luca-barbarossa","tag-marina-de-benedictis","tag-retape","tag-roma-summer-fest","tag-simple-minds","tag-stingshaggy"],"_links":{"self":[{"href":"https:\/\/www.farecentronews.com\/index.php?rest_route=\/wp\/v2\/posts\/4992","targetHints":{"allow":["GET"]}}],"collection":[{"href":"https:\/\/www.farecentronews.com\/index.php?rest_route=\/wp\/v2\/posts"}],"about":[{"href":"https:\/\/www.farecentronews.com\/index.php?rest_route=\/wp\/v2\/types\/post"}],"author":[{"embeddable":true,"href":"https:\/\/www.farecentronews.com\/index.php?rest_route=\/wp\/v2\/users\/4"}],"replies":[{"embeddable":true,"href":"https:\/\/www.farecentronews.com\/index.php?rest_route=%2Fwp%2Fv2%2Fcomments&post=4992"}],"version-history":[{"count":3,"href":"https:\/\/www.farecentronews.com\/index.php?rest_route=\/wp\/v2\/posts\/4992\/revisions"}],"predecessor-version":[{"id":4998,"href":"https:\/\/www.farecentronews.com\/index.php?rest_route=\/wp\/v2\/posts\/4992\/revisions\/4998"}],"wp:featuredmedia":[{"embeddable":true,"href":"https:\/\/www.farecentronews.com\/index.php?rest_route=\/wp\/v2\/media\/4993"}],"wp:attachment":[{"href":"https:\/\/www.farecentronews.com\/index.php?rest_route=%2Fwp%2Fv2%2Fmedia&parent=4992"}],"wp:term":[{"taxonomy":"category","embeddable":true,"href":"https:\/\/www.farecentronews.com\/index.php?rest_route=%2Fwp%2Fv2%2Fcategories&post=4992"},{"taxonomy":"post_tag","embeddable":true,"href":"https:\/\/www.farecentronews.com\/index.php?rest_route=%2Fwp%2Fv2%2Ftags&post=4992"}],"curies":[{"name":"wp","href":"https:\/\/api.w.org\/{rel}","templated":true}]}}