{"id":4878,"date":"2018-01-31T14:00:51","date_gmt":"2018-01-31T14:00:51","guid":{"rendered":"http:\/\/www.farecentronews.com\/?p=4878"},"modified":"2018-01-31T14:00:51","modified_gmt":"2018-01-31T14:00:51","slug":"villa-laetitia-stilemi-anni-venti-per-roberta-bacarelli","status":"publish","type":"post","link":"https:\/\/www.farecentronews.com\/?p=4878","title":{"rendered":"Villa Laetitia. Stilemi anni Venti per Roberta Bacarelli"},"content":{"rendered":"<p><strong><a href=\"http:\/\/www.farecentronews.com\/wp-content\/uploads\/2018\/01\/PH-MDB.jpg\"><img loading=\"lazy\" decoding=\"async\" class=\"alignleft size-medium wp-image-4882\" src=\"http:\/\/www.farecentronews.com\/wp-content\/uploads\/2018\/01\/PH-MDB-300x225.jpg\" alt=\"\" width=\"300\" height=\"225\" srcset=\"https:\/\/www.farecentronews.com\/wp-content\/uploads\/2018\/01\/PH-MDB-300x225.jpg 300w, https:\/\/www.farecentronews.com\/wp-content\/uploads\/2018\/01\/PH-MDB.jpg 500w\" sizes=\"auto, (max-width: 300px) 100vw, 300px\" \/><\/a>Roma, Caput Modae<\/strong>. La location \u00e8 <strong>Villa Laetitia<\/strong>, al 22 di <em>Lungotevere delle Armi nel Quartiere della Vittoria<\/em>. Dimora storica progettata da <strong>Armando Brasini<\/strong> nel 1911, la villa \u2013 propriet\u00e0 della<strong> Famiglia Fendi Venturini<\/strong> &#8211; \u00e8 un meraviglioso capolavoro in stile con un magnifico giardino d&#8217;inverno. E proprio in questo sinuoso spazio si \u00e8 svolta la sfilata di <strong>Roberta Bacarelli<\/strong> domenica scorsa, tra vetrate storiche, volte affrescate e ringhiere d&#8217;epoca in ferro battuto. Ispirata al caschetto moro ma soprattutto alla spregiudicata femminilit\u00e0 della ballerina <em>Louise Brooks<\/em>, la<strong> Collezione Primavera\/Estate 2018<\/strong> \u00e8 tutto un ritorno agli stilemi degli Anni &#8217;20: disegni geometrici, greche, allusioni al mondo egizio. E fra satin e organze, pregiati ricami a punto pieno, tessuti in rosa cipria ma anche in verde smeraldo e arancio, rosa fucsia e giallo oro, viola e marrone, la palette di colori appare subito inaspettata. <a href=\"http:\/\/www.farecentronews.com\/wp-content\/uploads\/2018\/01\/Roberta-Bacarelli-4.jpg\"><img loading=\"lazy\" decoding=\"async\" class=\"alignright size-medium wp-image-4883\" src=\"http:\/\/www.farecentronews.com\/wp-content\/uploads\/2018\/01\/Roberta-Bacarelli-4-203x300.jpg\" alt=\"\" width=\"203\" height=\"300\" srcset=\"https:\/\/www.farecentronews.com\/wp-content\/uploads\/2018\/01\/Roberta-Bacarelli-4-203x300.jpg 203w, https:\/\/www.farecentronews.com\/wp-content\/uploads\/2018\/01\/Roberta-Bacarelli-4.jpg 500w\" sizes=\"auto, (max-width: 203px) 100vw, 203px\" \/><\/a>Su 45 outfit regna sempre l&#8217;eleganza, l&#8217;ironia e la provocazione: per gli abiti a vita bassa, le ampie cappe, le jumpsuite morbide, le linee a uovo o i minidress a sottoveste. Si vedono finalmente anche dei sorrisi, fra piume fluttuanti, frange, pizzi e sete, paillettes e forme anni venti dai tagli rivisitati in chiave attuale. A chiudere, passi di charleston a ricordare quegli anni in cui le donne cominciavano a esprimere la propria indipendenza in primis attraverso la moda. (ph_courtesy of\u00a0 Barbara Manto &amp; Partners; MDB)<\/p>\n","protected":false},"excerpt":{"rendered":"<p>Roma, Caput Modae. La location \u00e8 Villa Laetitia, al 22 di Lungotevere delle Armi nel Quartiere della Vittoria. Dimora storica progettata da Armando Brasini nel 1911, la villa \u2013 propriet\u00e0 della Famiglia Fendi Venturini &#8211; \u00e8 un meraviglioso capolavoro in stile con un magnifico giardino d&#8217;inverno. E proprio in questo sinuoso spazio si \u00e8 svolta [&hellip;]<\/p>\n","protected":false},"author":4,"featured_media":4881,"comment_status":"closed","ping_status":"closed","sticky":false,"template":"","format":"standard","meta":{"footnotes":""},"categories":[35,1],"tags":[2309,86,243,2310,2308],"class_list":["post-4878","post","type-post","status-publish","format-standard","has-post-thumbnail","hentry","category-fashion-news","category-moda-shopping","tag-armando-brasini","tag-in-evidenza","tag-marina-de-benedictis","tag-roberta-bacarelli","tag-villa-laetitia"],"_links":{"self":[{"href":"https:\/\/www.farecentronews.com\/index.php?rest_route=\/wp\/v2\/posts\/4878","targetHints":{"allow":["GET"]}}],"collection":[{"href":"https:\/\/www.farecentronews.com\/index.php?rest_route=\/wp\/v2\/posts"}],"about":[{"href":"https:\/\/www.farecentronews.com\/index.php?rest_route=\/wp\/v2\/types\/post"}],"author":[{"embeddable":true,"href":"https:\/\/www.farecentronews.com\/index.php?rest_route=\/wp\/v2\/users\/4"}],"replies":[{"embeddable":true,"href":"https:\/\/www.farecentronews.com\/index.php?rest_route=%2Fwp%2Fv2%2Fcomments&post=4878"}],"version-history":[{"count":2,"href":"https:\/\/www.farecentronews.com\/index.php?rest_route=\/wp\/v2\/posts\/4878\/revisions"}],"predecessor-version":[{"id":4884,"href":"https:\/\/www.farecentronews.com\/index.php?rest_route=\/wp\/v2\/posts\/4878\/revisions\/4884"}],"wp:featuredmedia":[{"embeddable":true,"href":"https:\/\/www.farecentronews.com\/index.php?rest_route=\/wp\/v2\/media\/4881"}],"wp:attachment":[{"href":"https:\/\/www.farecentronews.com\/index.php?rest_route=%2Fwp%2Fv2%2Fmedia&parent=4878"}],"wp:term":[{"taxonomy":"category","embeddable":true,"href":"https:\/\/www.farecentronews.com\/index.php?rest_route=%2Fwp%2Fv2%2Fcategories&post=4878"},{"taxonomy":"post_tag","embeddable":true,"href":"https:\/\/www.farecentronews.com\/index.php?rest_route=%2Fwp%2Fv2%2Ftags&post=4878"}],"curies":[{"name":"wp","href":"https:\/\/api.w.org\/{rel}","templated":true}]}}