{"id":4848,"date":"2018-01-22T09:39:38","date_gmt":"2018-01-22T09:39:38","guid":{"rendered":"http:\/\/www.farecentronews.com\/?p=4848"},"modified":"2018-01-22T09:39:38","modified_gmt":"2018-01-22T09:39:38","slug":"nova-galega-de-danza-nove-corpi-uno-solo","status":"publish","type":"post","link":"https:\/\/www.farecentronews.com\/?p=4848","title":{"rendered":"Nova Galega de Danza. Nove corpi, uno solo"},"content":{"rendered":"<p><a href=\"http:\/\/www.farecentronews.com\/wp-content\/uploads\/2018\/01\/NovaGalegaDeDanza_SON_0013.gif\"><img loading=\"lazy\" decoding=\"async\" class=\"alignleft size-medium wp-image-4851\" src=\"http:\/\/www.farecentronews.com\/wp-content\/uploads\/2018\/01\/NovaGalegaDeDanza_SON_0013-300x200.gif\" alt=\"\" width=\"300\" height=\"200\" \/><\/a>Ombre proiettate come nella caverna di Platone. Luci calde che sembrano candele. Paesaggi galiziani. Uomini che bastano a se stessi, come nel teatro greco. Nove corpi, uno solo: \u00e8 la spettacolare formazione creata dalla <strong>Compagnia Nova Galega de Danza<\/strong> che ha transitato per una sola mitica sera nell&#8217;ambito del <strong>Festival di Danza Spagnola e Flamenco<\/strong> appena terminato all&#8217;<strong>Auditorium Parco della Musica<\/strong> (https:\/\/www.farecentronews.com\/?p=4798), infiammando tutto il parterre. In scena quattro forme di danza \u2013 quella tradizionale galiziana, quella <em>spagnola stilizzata<\/em>, il <em>flamenco<\/em> e la <em>danza contemporanea<\/em> \u2013 arricchite da citazioni settecentesche, ittite e assiro-babilonesi nei costumi, richiami ai dervisci rotanti e performance ginniche contro ogni legge di gravit\u00e0.<\/p>\n<p><a href=\"http:\/\/www.farecentronews.com\/wp-content\/uploads\/2018\/01\/NovaGalegaDeDanza_SON_0037.gif\"><img loading=\"lazy\" decoding=\"async\" class=\"alignright size-medium wp-image-4852\" src=\"http:\/\/www.farecentronews.com\/wp-content\/uploads\/2018\/01\/NovaGalegaDeDanza_SON_0037-300x200.gif\" alt=\"\" width=\"300\" height=\"200\" \/><\/a>E&#8217; uno spettacolo pieno, sublime e colto quello messo in scena venerd\u00ec sera nella<strong> sala Petrassi<\/strong> per un tutto esaurito che porta il pubblico a viaggiare oltre i confini della Spagna, che diventa Pangea, per sbarcare in Egitto, Mesopotamia, in un museo d&#8217;arte fra gli ori di Klimt, in un eccesso di nervi e di sudore maschile, in una installazione contemporanea alla<em> Ernesto Neto<\/em>, fra le crinoline del &#8216;700. Per tornare poi in terra Iberica con il flamenco puro: mani contorte battute sui fianchi serrate o aperte, insieme al battere dei tacchi in perfetto unisono, alle candide gonne volteggianti, ai lunghi mantelli mentre la voce del cantore narra una storia, ricodandoci persino il fado portoghese. Passione pura, arte senza confini. E il pubblico impazzisce. (ph_courtesy of FondazioneMusicaperRoma)<\/p>\n<p><a href=\"http:\/\/www.farecentronews.com\/wp-content\/uploads\/2018\/01\/NovaGalegaDeDanza_SON_0056.jpg\"><img loading=\"lazy\" decoding=\"async\" class=\"alignleft size-medium wp-image-4854\" src=\"http:\/\/www.farecentronews.com\/wp-content\/uploads\/2018\/01\/NovaGalegaDeDanza_SON_0056-300x200.jpg\" alt=\"\" width=\"300\" height=\"200\" srcset=\"https:\/\/www.farecentronews.com\/wp-content\/uploads\/2018\/01\/NovaGalegaDeDanza_SON_0056-300x200.jpg 300w, https:\/\/www.farecentronews.com\/wp-content\/uploads\/2018\/01\/NovaGalegaDeDanza_SON_0056.jpg 500w\" sizes=\"auto, (max-width: 300px) 100vw, 300px\" \/><\/a>novagalegadedanza.com<br \/>\nVIDEO http:\/\/www.auditorium.com\/eventi\/festival\/6284335\/1515366000<br \/>\nNova Galega de Danza_Son<br \/>\ndirettore della compagnia Jaime Pablo D\u00edaz, direttori artistici Jaime Pablo D\u00edaz e Carlos Rodr\u00edguez<br \/>\ndirettore di scena Alberto Velasco, coreografia Jaime Pablo D\u00edaz, Carlos Rodr\u00edguez y Carmelo Segura<br \/>\nballerini principali Jaime Pablo D\u00edaz e Carlos Rodr\u00edguez<br \/>\ndanza tradizionale galiziana Iv\u00e1n Villar Agulleiro, Francisco Sieira Gonz\u00e1lez, Ricardo Fern\u00e1ndez Louro<br \/>\ndanza spagnola Jos\u00e9 Alarc\u00f3n Cuevas, Jos\u00e9 \u00c1ngel Capel Ferr\u00f3n, Alejandro Mu\u00f1oz Mu\u00f1oz<br \/>\ndanza contemporanea Cesar Louz\u00e1n<br \/>\ncomposizione musicale Sergio Moure de Oteyza, canto e musica Javier Feijo\u00f3 \u201cXisco\u201d cornamusa, pandeiro e canto Juan Debel cantaor Francisco Sieira Gonz\u00e1lez pandeiro Alba Moura Etrad cante e tarra\u00f1olas Cordes del M\u00f3n violino<br \/>\nluci e scenografia Luis Perdiguero, costumi Sara S\u00e1nchez La Morena, suono Alberto Beade, tecnico delle luci Ant\u00f3n Cabado design mutador.com, fotografia Amaia Niango, Moncho Fuentes_Mutador<\/p>\n","protected":false},"excerpt":{"rendered":"<p>Ombre proiettate come nella caverna di Platone. Luci calde che sembrano candele. Paesaggi galiziani. Uomini che bastano a se stessi, come nel teatro greco. Nove corpi, uno solo: \u00e8 la spettacolare formazione creata dalla Compagnia Nova Galega de Danza che ha transitato per una sola mitica sera nell&#8217;ambito del Festival di Danza Spagnola e Flamenco [&hellip;]<\/p>\n","protected":false},"author":4,"featured_media":4850,"comment_status":"closed","ping_status":"closed","sticky":false,"template":"","format":"standard","meta":{"footnotes":""},"categories":[5,33],"tags":[77,2305,243],"class_list":["post-4848","post","type-post","status-publish","format-standard","has-post-thumbnail","hentry","category-musica-spettacolo","category-teatro","tag-auditorium-parco-della-musica","tag-compagnia-nova-galega-de-danza","tag-marina-de-benedictis"],"_links":{"self":[{"href":"https:\/\/www.farecentronews.com\/index.php?rest_route=\/wp\/v2\/posts\/4848","targetHints":{"allow":["GET"]}}],"collection":[{"href":"https:\/\/www.farecentronews.com\/index.php?rest_route=\/wp\/v2\/posts"}],"about":[{"href":"https:\/\/www.farecentronews.com\/index.php?rest_route=\/wp\/v2\/types\/post"}],"author":[{"embeddable":true,"href":"https:\/\/www.farecentronews.com\/index.php?rest_route=\/wp\/v2\/users\/4"}],"replies":[{"embeddable":true,"href":"https:\/\/www.farecentronews.com\/index.php?rest_route=%2Fwp%2Fv2%2Fcomments&post=4848"}],"version-history":[{"count":5,"href":"https:\/\/www.farecentronews.com\/index.php?rest_route=\/wp\/v2\/posts\/4848\/revisions"}],"predecessor-version":[{"id":4857,"href":"https:\/\/www.farecentronews.com\/index.php?rest_route=\/wp\/v2\/posts\/4848\/revisions\/4857"}],"wp:featuredmedia":[{"embeddable":true,"href":"https:\/\/www.farecentronews.com\/index.php?rest_route=\/wp\/v2\/media\/4850"}],"wp:attachment":[{"href":"https:\/\/www.farecentronews.com\/index.php?rest_route=%2Fwp%2Fv2%2Fmedia&parent=4848"}],"wp:term":[{"taxonomy":"category","embeddable":true,"href":"https:\/\/www.farecentronews.com\/index.php?rest_route=%2Fwp%2Fv2%2Fcategories&post=4848"},{"taxonomy":"post_tag","embeddable":true,"href":"https:\/\/www.farecentronews.com\/index.php?rest_route=%2Fwp%2Fv2%2Ftags&post=4848"}],"curies":[{"name":"wp","href":"https:\/\/api.w.org\/{rel}","templated":true}]}}