{"id":4813,"date":"2018-01-10T12:44:42","date_gmt":"2018-01-10T12:44:42","guid":{"rendered":"http:\/\/www.farecentronews.com\/?p=4813"},"modified":"2018-01-10T12:44:42","modified_gmt":"2018-01-10T12:44:42","slug":"roma-ritratto-della-citta-eterna","status":"publish","type":"post","link":"https:\/\/www.farecentronews.com\/?p=4813","title":{"rendered":"Roma. Ritratto della Citt\u00e0 Eterna"},"content":{"rendered":"<p><a href=\"http:\/\/www.farecentronews.com\/wp-content\/uploads\/2018\/01\/fo-portrait_rome-cover_0531.jpg\"><img loading=\"lazy\" decoding=\"async\" class=\"alignleft size-medium wp-image-4816\" src=\"http:\/\/www.farecentronews.com\/wp-content\/uploads\/2018\/01\/fo-portrait_rome-cover_0531-230x300.jpg\" alt=\"\" width=\"230\" height=\"300\" srcset=\"https:\/\/www.farecentronews.com\/wp-content\/uploads\/2018\/01\/fo-portrait_rome-cover_0531-230x300.jpg 230w, https:\/\/www.farecentronews.com\/wp-content\/uploads\/2018\/01\/fo-portrait_rome-cover_0531.jpg 500w\" sizes=\"auto, (max-width: 230px) 100vw, 230px\" \/><\/a>Passato, presente, futuro. Spettacolo, glamour, storia. Michelangelo, Fellini, Papa Francesco.<br \/>\n<strong>Roma<\/strong> \u00e8 questo e molto altro. <em>Roma \u00e8 Eterna<\/em>, unica e la sua sostanza ineffabile \u00e8 racchiusa in un centinaio di splendide fotografie nel nuovo imperdibile volume edito da <strong>Taschen<\/strong>: \u201c<strong>A photographic portrait of Rome<\/strong>\u201d tradotto in diverse lingue. Si parte dal 1840 per arrivare ai giorni nostri in un mix di bellezza, arte, cultura che non ha pari al mondo. Grandi fotografi come<strong> Giacomo Caneva, Pompeo Molins, Giuseppe Primoli, Alfred Eisenstaedt, Carlo Bavagnoli, Henri Cartier-Bresson, Pasquale De Antonis, Peter Lindbergh, Slim Aarons<\/strong> e <strong>William Klein<\/strong> hanno immortalato la nostra Citt\u00e0 in modi diversi (in b\/n, seppia o a colori): come centro dell&#8217;Impero Romano, culla del Rinascimento, meta del Grand Tour, sede della Chiesa cattolica romana, palcoscenico per la politica, set per film e shooting. Un viaggio fotografico attraverso il Colosseo, il Foro Romano e Piazza di Spagna; fra lusso e lifestyle nei quartieri bene; fra bancarelle e lavanderie di Trastevere o Testaccio; alla scoperta della sua versione sportiva.<a href=\"http:\/\/www.farecentronews.com\/wp-content\/uploads\/2018\/01\/fo-portrait_rome-image_04_0.jpg\"><img loading=\"lazy\" decoding=\"async\" class=\"alignright size-medium wp-image-4817\" src=\"http:\/\/www.farecentronews.com\/wp-content\/uploads\/2018\/01\/fo-portrait_rome-image_04_0-300x197.jpg\" alt=\"\" width=\"300\" height=\"197\" srcset=\"https:\/\/www.farecentronews.com\/wp-content\/uploads\/2018\/01\/fo-portrait_rome-image_04_0-300x197.jpg 300w, https:\/\/www.farecentronews.com\/wp-content\/uploads\/2018\/01\/fo-portrait_rome-image_04_0-120x78.jpg 120w, https:\/\/www.farecentronews.com\/wp-content\/uploads\/2018\/01\/fo-portrait_rome-image_04_0.jpg 500w\" sizes=\"auto, (max-width: 300px) 100vw, 300px\" \/><\/a> E ancora, abiti glamour, celebrit\u00e0 esotiche, i caff\u00e8 di Via Veneto e la Dolce Vita: <em>Louis Armstrong, Elizabeth Taylor, Audrey Hepburn, Marcello Mastroianni, Sophia Loren, Pier Paolo Pasolini, Anna Magnani, Valentino<\/em>. L&#8217;essenza della Capitale \u00e8 fissata per sempre nei dettagli degli scatti fotografici di questo libro cos\u00ec ricco, da regalare o regalarsi in nome della bellezza. (ph_courtesy of Taschen Press Office)<\/p>\n<p>Bio<br \/>\n<strong>Giovanni Fanelli<\/strong>, Professore di Storia dell&#8217;Architettura all&#8217;Universit\u00e0 di Firenze, \u00e8 autore di diverse opere di storia architettonica, storia urbana, arti grafiche e fotografia, tradotte in diverse lingue; \u00e8 stato direttore scientifico della<em> Fondazione Ragghianti<\/em> (Lucca) ed \u00e8 editor per numerosi titoli degli editori di<em> Laterza<\/em> (Roma).<\/p>\n<p>Scheda<br \/>\n<strong>Rome. Portrait of a City<\/strong><br \/>\n<strong><em>Giovanni Fanelli<\/em><\/strong><br \/>\n486 pagine, euro 49.99<br \/>\nwww.taschen.com<\/p>\n","protected":false},"excerpt":{"rendered":"<p>Passato, presente, futuro. Spettacolo, glamour, storia. Michelangelo, Fellini, Papa Francesco. Roma \u00e8 questo e molto altro. Roma \u00e8 Eterna, unica e la sua sostanza ineffabile \u00e8 racchiusa in un centinaio di splendide fotografie nel nuovo imperdibile volume edito da Taschen: \u201cA photographic portrait of Rome\u201d tradotto in diverse lingue. Si parte dal 1840 per arrivare [&hellip;]<\/p>\n","protected":false},"author":4,"featured_media":4815,"comment_status":"closed","ping_status":"closed","sticky":false,"template":"","format":"standard","meta":{"footnotes":""},"categories":[3],"tags":[2279,2283,2284,2280,2289,2282,2165,86,243,2285,2286,2281,21,2287,2288],"class_list":["post-4813","post","type-post","status-publish","format-standard","has-post-thumbnail","hentry","category-arte-cultura","tag-a-photographic-portrait-of-rome","tag-alfred-eisenstaedt","tag-carlo-bavagnoli","tag-giacomo-caneva","tag-giovanni-fanelli","tag-giuseppe-primoli","tag-henri-cartier-bresson","tag-in-evidenza","tag-marina-de-benedictis","tag-pasquale-de-antonis","tag-peter-lindbergh","tag-pompeo-molins","tag-roma","tag-slim-aarons","tag-william-klein"],"_links":{"self":[{"href":"https:\/\/www.farecentronews.com\/index.php?rest_route=\/wp\/v2\/posts\/4813","targetHints":{"allow":["GET"]}}],"collection":[{"href":"https:\/\/www.farecentronews.com\/index.php?rest_route=\/wp\/v2\/posts"}],"about":[{"href":"https:\/\/www.farecentronews.com\/index.php?rest_route=\/wp\/v2\/types\/post"}],"author":[{"embeddable":true,"href":"https:\/\/www.farecentronews.com\/index.php?rest_route=\/wp\/v2\/users\/4"}],"replies":[{"embeddable":true,"href":"https:\/\/www.farecentronews.com\/index.php?rest_route=%2Fwp%2Fv2%2Fcomments&post=4813"}],"version-history":[{"count":3,"href":"https:\/\/www.farecentronews.com\/index.php?rest_route=\/wp\/v2\/posts\/4813\/revisions"}],"predecessor-version":[{"id":4819,"href":"https:\/\/www.farecentronews.com\/index.php?rest_route=\/wp\/v2\/posts\/4813\/revisions\/4819"}],"wp:featuredmedia":[{"embeddable":true,"href":"https:\/\/www.farecentronews.com\/index.php?rest_route=\/wp\/v2\/media\/4815"}],"wp:attachment":[{"href":"https:\/\/www.farecentronews.com\/index.php?rest_route=%2Fwp%2Fv2%2Fmedia&parent=4813"}],"wp:term":[{"taxonomy":"category","embeddable":true,"href":"https:\/\/www.farecentronews.com\/index.php?rest_route=%2Fwp%2Fv2%2Fcategories&post=4813"},{"taxonomy":"post_tag","embeddable":true,"href":"https:\/\/www.farecentronews.com\/index.php?rest_route=%2Fwp%2Fv2%2Ftags&post=4813"}],"curies":[{"name":"wp","href":"https:\/\/api.w.org\/{rel}","templated":true}]}}