{"id":4798,"date":"2018-01-09T08:44:40","date_gmt":"2018-01-09T08:44:40","guid":{"rendered":"http:\/\/www.farecentronews.com\/?p=4798"},"modified":"2018-01-09T08:44:40","modified_gmt":"2018-01-09T08:44:40","slug":"auditorium-parco-della-musica-dalla-spagna-con-ardore","status":"publish","type":"post","link":"https:\/\/www.farecentronews.com\/?p=4798","title":{"rendered":"Auditorium Parco della Musica. Dalla Spagna con ardore"},"content":{"rendered":"<p><a href=\"http:\/\/www.farecentronews.com\/wp-content\/uploads\/2018\/01\/Rafael-Campallo-1.jpg\"><img loading=\"lazy\" decoding=\"async\" class=\"alignleft size-medium wp-image-4801\" src=\"http:\/\/www.farecentronews.com\/wp-content\/uploads\/2018\/01\/Rafael-Campallo-1-300x200.jpg\" alt=\"\" width=\"300\" height=\"200\" srcset=\"https:\/\/www.farecentronews.com\/wp-content\/uploads\/2018\/01\/Rafael-Campallo-1-300x200.jpg 300w, https:\/\/www.farecentronews.com\/wp-content\/uploads\/2018\/01\/Rafael-Campallo-1.jpg 500w\" sizes=\"auto, (max-width: 300px) 100vw, 300px\" \/><\/a>E&#8217; in stile spagnolo il<strong> Festival della Danza<\/strong> in corso all&#8217;<strong>Auditorium Parco della Musica<\/strong> di Roma sino al <em><strong>16 Gennaio<\/strong><\/em>, con una serie di spettacoli di alto livello artistico e coreografico. Cinque date doc per poter godere delle pi\u00f9 sorprendenti circonvoluzioni grazie ai migliori ballerini di tutta la Penisola Iberica:<strong> Patricia Guerrero<\/strong> in<em> Catedral<\/em>, <strong>Rafael Campallo<\/strong> in <em>Sin Renuncia<\/em>, <strong>Nova Galega de Danza<\/strong> con <em>Son<\/em>, <strong>Alfonso Aroca<\/strong> in <em>Orilla del mundo<\/em> e a chiudere<strong> Manuel Li\u00f1\u00e1n<\/strong> in <em>Reversible<\/em>. Inquietudini sociali, mix di generi, folklore e contemporaneit\u00e0: il Festival racchiude il meglio del panorama spagnolo, grazie alle scelte dello staff artistico che ancora una volta sorprende e cattura il pubblico romano pi\u00f9 colto. E fa da cornice agli spettacoli, la mostra fotografica di <strong>Jes\u00fas Casta\u00f1ar<\/strong> \u201c<em>De Pies y Manos<\/em>\u201d allestita nel foyer Petrassi e dedicata all&#8217;affascinante mondo del flamenco, con le sue movenze flessuose e ricche di pathos. <a href=\"http:\/\/www.farecentronews.com\/wp-content\/uploads\/2018\/01\/mostra.jpg\"><img loading=\"lazy\" decoding=\"async\" class=\"alignright size-medium wp-image-4802\" src=\"http:\/\/www.farecentronews.com\/wp-content\/uploads\/2018\/01\/mostra-199x300.jpg\" alt=\"\" width=\"199\" height=\"300\" srcset=\"https:\/\/www.farecentronews.com\/wp-content\/uploads\/2018\/01\/mostra-199x300.jpg 199w, https:\/\/www.farecentronews.com\/wp-content\/uploads\/2018\/01\/mostra.jpg 500w\" sizes=\"auto, (max-width: 199px) 100vw, 199px\" \/><\/a>Una \u201cfoto-installazione\u201d, come ama definirla l&#8217;Autore: classe 1957, Casta\u00f1ar \u00e8 un fotografo autodidatta dal forte talento capace di fissare nelle immagini l&#8217;energia espressiva della danza, l&#8217;emotivit\u00e0 carica di significati del flamenco, il rapporto maestro\/ballerini e la storia di una danza che \u00e8 filosofia. (ph_courtesy of FondazioneMusicaPerRoma)<\/p>\n<p><em><strong>Sino al 16 Gennaio 2018<\/strong><\/em><br \/>\n<strong>Auditorium Parco della Musica<\/strong><br \/>\nVia Pietro de Coubertin, 30_Roma<br \/>\nFestival di Danza Spagnola e Flamenco e Mostra fotografica di Jes\u00fas Casta\u00f1ar \u201cDe Pies y Manos\u201d: Sala Petrassi ore 21 e Foyer Petrassi<\/p>\n<p>&nbsp;<\/p>\n","protected":false},"excerpt":{"rendered":"<p>E&#8217; in stile spagnolo il Festival della Danza in corso all&#8217;Auditorium Parco della Musica di Roma sino al 16 Gennaio, con una serie di spettacoli di alto livello artistico e coreografico. Cinque date doc per poter godere delle pi\u00f9 sorprendenti circonvoluzioni grazie ai migliori ballerini di tutta la Penisola Iberica: Patricia Guerrero in Catedral, Rafael [&hellip;]<\/p>\n","protected":false},"author":4,"featured_media":4800,"comment_status":"closed","ping_status":"closed","sticky":false,"template":"","format":"standard","meta":{"footnotes":""},"categories":[32,5],"tags":[2275,77,2271,86,2277,2276,243,2274,2272,2273,83],"class_list":["post-4798","post","type-post","status-publish","format-standard","has-post-thumbnail","hentry","category-concerti","category-musica-spettacolo","tag-alfonso-aroca","tag-auditorium-parco-della-musica","tag-festival-della-danza","tag-in-evidenza","tag-jesus-castanar","tag-manuel-linan","tag-marina-de-benedictis","tag-nova-galega-de-danza","tag-patricia-guerrero","tag-rafael-campallo","tag-ultimissime"],"_links":{"self":[{"href":"https:\/\/www.farecentronews.com\/index.php?rest_route=\/wp\/v2\/posts\/4798","targetHints":{"allow":["GET"]}}],"collection":[{"href":"https:\/\/www.farecentronews.com\/index.php?rest_route=\/wp\/v2\/posts"}],"about":[{"href":"https:\/\/www.farecentronews.com\/index.php?rest_route=\/wp\/v2\/types\/post"}],"author":[{"embeddable":true,"href":"https:\/\/www.farecentronews.com\/index.php?rest_route=\/wp\/v2\/users\/4"}],"replies":[{"embeddable":true,"href":"https:\/\/www.farecentronews.com\/index.php?rest_route=%2Fwp%2Fv2%2Fcomments&post=4798"}],"version-history":[{"count":2,"href":"https:\/\/www.farecentronews.com\/index.php?rest_route=\/wp\/v2\/posts\/4798\/revisions"}],"predecessor-version":[{"id":4803,"href":"https:\/\/www.farecentronews.com\/index.php?rest_route=\/wp\/v2\/posts\/4798\/revisions\/4803"}],"wp:featuredmedia":[{"embeddable":true,"href":"https:\/\/www.farecentronews.com\/index.php?rest_route=\/wp\/v2\/media\/4800"}],"wp:attachment":[{"href":"https:\/\/www.farecentronews.com\/index.php?rest_route=%2Fwp%2Fv2%2Fmedia&parent=4798"}],"wp:term":[{"taxonomy":"category","embeddable":true,"href":"https:\/\/www.farecentronews.com\/index.php?rest_route=%2Fwp%2Fv2%2Fcategories&post=4798"},{"taxonomy":"post_tag","embeddable":true,"href":"https:\/\/www.farecentronews.com\/index.php?rest_route=%2Fwp%2Fv2%2Ftags&post=4798"}],"curies":[{"name":"wp","href":"https:\/\/api.w.org\/{rel}","templated":true}]}}