{"id":4778,"date":"2017-12-28T10:44:56","date_gmt":"2017-12-28T10:44:56","guid":{"rendered":"http:\/\/www.farecentronews.com\/?p=4778"},"modified":"2017-12-28T10:44:56","modified_gmt":"2017-12-28T10:44:56","slug":"le-tendenze-di-capodanno-cenone-in-casa-e-poi-tutti-fuori","status":"publish","type":"post","link":"https:\/\/www.farecentronews.com\/?p=4778","title":{"rendered":"Le tendenze di capodanno: cenone in casa e poi tutti fuori."},"content":{"rendered":"<p align=\"JUSTIFY\"><a href=\"http:\/\/www.farecentronews.com\/wp-content\/uploads\/2017\/12\/^6DCBA9AD9D5BBEDF3C2EA1D659.jpg\"><img loading=\"lazy\" decoding=\"async\" class=\"alignleft size-medium wp-image-4781\" src=\"http:\/\/www.farecentronews.com\/wp-content\/uploads\/2017\/12\/^6DCBA9AD9D5BBEDF3C2EA1D659-300x172.jpg\" alt=\"\" width=\"300\" height=\"172\" srcset=\"https:\/\/www.farecentronews.com\/wp-content\/uploads\/2017\/12\/^6DCBA9AD9D5BBEDF3C2EA1D659-300x172.jpg 300w, https:\/\/www.farecentronews.com\/wp-content\/uploads\/2017\/12\/^6DCBA9AD9D5BBEDF3C2EA1D659.jpg 600w\" sizes=\"auto, (max-width: 300px) 100vw, 300px\" \/><\/a>Il 31 Dicembre \u00e8 notoriamente considerato come il giorno in cui, salutando l\u2019anno vecchio per accogliere poi il nuovo, si \u00e8 alla ricerca di quell\u2019evento particolare che ci faccia passare una serata speciale. Ma sar\u00e0 veramente cos\u00ec? Da un sondaggio sono emersi dei risultati abbastanza chiari su come sar\u00e0 la tendenza degli italiani nel passare quest\u2019ultima serata del 2017. Gli <b>Under 25 <\/b>per ben<b> l\u201983<\/b>% consumeranno il tradizionale cenone in famiglia per poi andare <b>outdoor<\/b> a salutare l\u2019anno nuovo con gli amici nei locali o in discoteca oppure in molte delle piazze italiane che hanno organizzato svariati eventi, come ad esempio a <b>Roma<\/b> che sono <b>previsti per tutto il centro ben 100 eventi che ospiteranno circa 1000 artisti differenti che si alterneranno fra loro.<\/b> Vi segnaliamo ad esempio al <b>Circo Massimo dalle ore 21.00<\/b> l\u2019animazione musicale in compagnia dei<strong> Dj di RDS<\/strong>. Se sarete a <b>Milano<\/b> per l\u2019ultimo dell\u2019anno vi segnaliamo invece <b>in piazza Duomo il concerto di Fabri Fibra e Luca Carboni.<\/b><\/p>\n<p align=\"JUSTIFY\"><a href=\"http:\/\/www.farecentronews.com\/wp-content\/uploads\/2017\/12\/^AD972EA5F30B7BC82377654137.jpg\"><img loading=\"lazy\" decoding=\"async\" class=\"alignright size-medium wp-image-4782\" src=\"http:\/\/www.farecentronews.com\/wp-content\/uploads\/2017\/12\/^AD972EA5F30B7BC82377654137-300x172.jpg\" alt=\"\" width=\"300\" height=\"172\" srcset=\"https:\/\/www.farecentronews.com\/wp-content\/uploads\/2017\/12\/^AD972EA5F30B7BC82377654137-300x172.jpg 300w, https:\/\/www.farecentronews.com\/wp-content\/uploads\/2017\/12\/^AD972EA5F30B7BC82377654137-768x441.jpg 768w, https:\/\/www.farecentronews.com\/wp-content\/uploads\/2017\/12\/^AD972EA5F30B7BC82377654137.jpg 800w\" sizes=\"auto, (max-width: 300px) 100vw, 300px\" \/><\/a>Due tendenze assai differenti per gli <b>Under 65<\/b>, quest\u2019anno infatti il <b>74%<\/b> di loro lo passer\u00e0 in casa con amici e parenti scegliendo come sottofondo della serata le solite trasmissioni che le maggiori reti televisive ci proporranno per accompagnarci nel saluto del nuovo anno, o ancor meglio guardando un film cult nella tranquillit\u00e0 delle mura domestiche. Verr\u00e0 quindi consumato a casa anche l\u2019immancabile cenone con pietanze della tradizione culinaria italiana come le lasagne, cappone (o il pesce soprattutto nel sud Italia) e l\u2019immancabile cotechino con lenticchie a mezzanotte. La restante parte, che ha risposto al nostro sondaggio, ha invece scelto di trascorrerlo a <b>teatro<\/b> ed \u00e8 una percentuale assai maggiore in confronto all\u2019anno passato, infatti registriamo un aumento del 2,5%. Se anche voi voleste passare l\u2019ultimo dell\u2019anno in questo modo vi segnaliamo fra gli innumerevoli spettacoli a Roma per esempio quello di <b>Gigi Proietti<\/b> <b>all\u2019Auditorium Parco della Musica, Lorella Cuccarini <\/b>ne<b> La Regina di Ghiaccio\u00a0<\/b>al<b> Teatro Brancaccio <\/b>oppure il musical<b> Mamma mia\u00a0<\/b>al <b>Teatro Sistina. <\/b>Anche a <strong>Milano<\/strong> grandissima variet\u00e0 di scelta come ad esempio al <b>Teatro Nuovo di Milano<\/b> con il duo comico<b> Ale e Franz, <\/b>al<b> Teatro Libero Coppia aperta quasi spalancata&#8221;\u00a0<\/b>di<b>\u00a0Dario Fo <\/b>e<b> Franca Rame (alla fine brindisi con gli artisti), oppure <\/b>l\u2019immancabile e tradizionale concerto de <b>LaVerdi\u00a0<\/b>che saluta il 2017 con la<b>\u00a0Nona Sinfonia\u00a0di Beethoven <\/b>presso <b>Auditorium di Milano.<\/b><\/p>\n<p align=\"JUSTIFY\">Come da alcuni anni a questa parte si pu\u00f2 notare che la tendenza sia sempre la stessa, ossia, nonostante questa sia la serata delle nuove speranze, delle aspettative future e di nuovi obbiettivi che ci siamo prefissati di raggiungere entro la fine dell\u2019anno seguente, la voglia di rimanere nella tranquillit\u00e0 delle mura domestiche circondati dal calore e dall\u2019affetto della famiglia e degli amici \u00e8 una tendenza che in Italia mai riusciremo a cambiare.<\/p>\n","protected":false},"excerpt":{"rendered":"<p>Il 31 Dicembre \u00e8 notoriamente considerato come il giorno in cui, salutando l\u2019anno vecchio per accogliere poi il nuovo, si \u00e8 alla ricerca di quell\u2019evento particolare che ci faccia passare una serata speciale. Ma sar\u00e0 veramente cos\u00ec? Da un sondaggio sono emersi dei risultati abbastanza chiari su come sar\u00e0 la tendenza degli italiani nel passare [&hellip;]<\/p>\n","protected":false},"author":12,"featured_media":4780,"comment_status":"closed","ping_status":"closed","sticky":false,"template":"","format":"standard","meta":{"footnotes":""},"categories":[92],"tags":[2265,2266,77,13,2214,2262,179,2267,2264,2263,321,2261],"class_list":["post-4778","post","type-post","status-publish","format-standard","has-post-thumbnail","hentry","category-lifestyle","tag-ale-e-franz","tag-auditorium-di-milano","tag-auditorium-parco-della-musica","tag-capodanno","tag-elisa-di-matola","tag-fabri-fibra","tag-gigi-proietti","tag-laverdi","tag-lorella-cuccarini","tag-luca-carboni","tag-night-and-food","tag-rds"],"_links":{"self":[{"href":"https:\/\/www.farecentronews.com\/index.php?rest_route=\/wp\/v2\/posts\/4778","targetHints":{"allow":["GET"]}}],"collection":[{"href":"https:\/\/www.farecentronews.com\/index.php?rest_route=\/wp\/v2\/posts"}],"about":[{"href":"https:\/\/www.farecentronews.com\/index.php?rest_route=\/wp\/v2\/types\/post"}],"author":[{"embeddable":true,"href":"https:\/\/www.farecentronews.com\/index.php?rest_route=\/wp\/v2\/users\/12"}],"replies":[{"embeddable":true,"href":"https:\/\/www.farecentronews.com\/index.php?rest_route=%2Fwp%2Fv2%2Fcomments&post=4778"}],"version-history":[{"count":2,"href":"https:\/\/www.farecentronews.com\/index.php?rest_route=\/wp\/v2\/posts\/4778\/revisions"}],"predecessor-version":[{"id":4783,"href":"https:\/\/www.farecentronews.com\/index.php?rest_route=\/wp\/v2\/posts\/4778\/revisions\/4783"}],"wp:featuredmedia":[{"embeddable":true,"href":"https:\/\/www.farecentronews.com\/index.php?rest_route=\/wp\/v2\/media\/4780"}],"wp:attachment":[{"href":"https:\/\/www.farecentronews.com\/index.php?rest_route=%2Fwp%2Fv2%2Fmedia&parent=4778"}],"wp:term":[{"taxonomy":"category","embeddable":true,"href":"https:\/\/www.farecentronews.com\/index.php?rest_route=%2Fwp%2Fv2%2Fcategories&post=4778"},{"taxonomy":"post_tag","embeddable":true,"href":"https:\/\/www.farecentronews.com\/index.php?rest_route=%2Fwp%2Fv2%2Ftags&post=4778"}],"curies":[{"name":"wp","href":"https:\/\/api.w.org\/{rel}","templated":true}]}}