{"id":4753,"date":"2017-12-18T09:40:57","date_gmt":"2017-12-18T09:40:57","guid":{"rendered":"http:\/\/www.farecentronews.com\/?p=4753"},"modified":"2017-12-18T09:40:57","modified_gmt":"2017-12-18T09:40:57","slug":"miraggi-un-magico-natale","status":"publish","type":"post","link":"https:\/\/www.farecentronews.com\/?p=4753","title":{"rendered":"Miraggi. Un \u201cmagico\u201d Natale."},"content":{"rendered":"<p><a href=\"http:\/\/www.farecentronews.com\/wp-content\/uploads\/2017\/12\/Jay-Niemi-1-Supermagic-Mi.jpg\"><img loading=\"lazy\" decoding=\"async\" class=\"alignleft size-medium wp-image-4756\" src=\"http:\/\/www.farecentronews.com\/wp-content\/uploads\/2017\/12\/Jay-Niemi-1-Supermagic-Mi-261x300.jpg\" alt=\"\" width=\"261\" height=\"300\" srcset=\"https:\/\/www.farecentronews.com\/wp-content\/uploads\/2017\/12\/Jay-Niemi-1-Supermagic-Mi-261x300.jpg 261w, https:\/\/www.farecentronews.com\/wp-content\/uploads\/2017\/12\/Jay-Niemi-1-Supermagic-Mi.jpg 600w\" sizes=\"auto, (max-width: 261px) 100vw, 261px\" \/><\/a>Il Natale si sa, per tradizione, \u00e8 sinonimo di <em><strong>mag\u00eca<\/strong><\/em>, non poteva mancare quindi l&#8217;appuntamento annuale con l&#8217;evento pi\u00f9 magico dell&#8217;anno:<strong> Supermagic<\/strong>, il<em><strong> Festival Internazionale della Mag\u00eca<\/strong><\/em>. Giunto alla sua 15ma edizione verr\u00e0 ospitato presso il <strong>Teatro Olimpico dal 25 dicembre al 4 febbraio<\/strong>. Una kermesse (la pi\u00f9 grande in Europa) che ha visto ben 75 maghi di fama mondiale avvicendarsi sul palcoscenico durante le passate edizioni, e che vanta una presenza di pubblico di oltre 170 mila spettatori. Il nuovo spettacolo che ha per titolo <strong>Supermagic 2018 \u201cMiraggi\u201d<\/strong>, presenter\u00e0 artisti, prestigiatori e illusionisti, alcuni dei quali per la prima volta a Roma, per accompagnarvi in un viaggio verso un magico universo, dove nulla \u00e8 quello che sembra e dove il confine fra realt\u00e0 e mag\u00eca si fonde per lasciare spazio ad un&#8217;avventura che prende i colori del sogno. Due ore intense tra divertimento e suspence che<a href=\"http:\/\/www.farecentronews.com\/wp-content\/uploads\/2017\/12\/Marc-Metral-2-Supermagic-.jpg\"><img loading=\"lazy\" decoding=\"async\" class=\"alignright size-medium wp-image-4757\" src=\"http:\/\/www.farecentronews.com\/wp-content\/uploads\/2017\/12\/Marc-Metral-2-Supermagic--300x200.jpg\" alt=\"\" width=\"300\" height=\"200\" srcset=\"https:\/\/www.farecentronews.com\/wp-content\/uploads\/2017\/12\/Marc-Metral-2-Supermagic--300x200.jpg 300w, https:\/\/www.farecentronews.com\/wp-content\/uploads\/2017\/12\/Marc-Metral-2-Supermagic-.jpg 600w\" sizes=\"auto, (max-width: 300px) 100vw, 300px\" \/><\/a> catturer\u00e0 sia gli adulti che i bambini con quegli effetti speciali, impensabili fino a pochi anni fa, dove la fredda tecnologia, una volta tanto, si mette al servizio del mondo magico dell&#8217;illusione.<\/p>\n<p><em><strong>Dal 25 gennaio 2017 al 4 febbraio 2018<\/strong><\/em><br \/>\n<strong>Supermagic 2018 \u2013 Miraggi<\/strong><br \/>\nTeatro Olimpico \u2013 Pzza Gentile Da Fabriano, 17<br \/>\nBiglietti da 16 a 45 \u20ac<br \/>\nInfo e prenotazioni: 06 3265991<br \/>\nwww.supermagic.it<\/p>\n","protected":false},"excerpt":{"rendered":"<p>Il Natale si sa, per tradizione, \u00e8 sinonimo di mag\u00eca, non poteva mancare quindi l&#8217;appuntamento annuale con l&#8217;evento pi\u00f9 magico dell&#8217;anno: Supermagic, il Festival Internazionale della Mag\u00eca. Giunto alla sua 15ma edizione verr\u00e0 ospitato presso il Teatro Olimpico dal 25 dicembre al 4 febbraio. Una kermesse (la pi\u00f9 grande in Europa) che ha visto ben [&hellip;]<\/p>\n","protected":false},"author":3,"featured_media":4755,"comment_status":"closed","ping_status":"closed","sticky":false,"template":"","format":"standard","meta":{"footnotes":""},"categories":[5,33],"tags":[239,1137,86,1136,1138,83],"class_list":["post-4753","post","type-post","status-publish","format-standard","has-post-thumbnail","hentry","category-musica-spettacolo","category-teatro","tag-carlo-valenti","tag-festival-internazionale-della-magia","tag-in-evidenza","tag-supermagic","tag-teatro-olimpico","tag-ultimissime"],"_links":{"self":[{"href":"https:\/\/www.farecentronews.com\/index.php?rest_route=\/wp\/v2\/posts\/4753","targetHints":{"allow":["GET"]}}],"collection":[{"href":"https:\/\/www.farecentronews.com\/index.php?rest_route=\/wp\/v2\/posts"}],"about":[{"href":"https:\/\/www.farecentronews.com\/index.php?rest_route=\/wp\/v2\/types\/post"}],"author":[{"embeddable":true,"href":"https:\/\/www.farecentronews.com\/index.php?rest_route=\/wp\/v2\/users\/3"}],"replies":[{"embeddable":true,"href":"https:\/\/www.farecentronews.com\/index.php?rest_route=%2Fwp%2Fv2%2Fcomments&post=4753"}],"version-history":[{"count":2,"href":"https:\/\/www.farecentronews.com\/index.php?rest_route=\/wp\/v2\/posts\/4753\/revisions"}],"predecessor-version":[{"id":4758,"href":"https:\/\/www.farecentronews.com\/index.php?rest_route=\/wp\/v2\/posts\/4753\/revisions\/4758"}],"wp:featuredmedia":[{"embeddable":true,"href":"https:\/\/www.farecentronews.com\/index.php?rest_route=\/wp\/v2\/media\/4755"}],"wp:attachment":[{"href":"https:\/\/www.farecentronews.com\/index.php?rest_route=%2Fwp%2Fv2%2Fmedia&parent=4753"}],"wp:term":[{"taxonomy":"category","embeddable":true,"href":"https:\/\/www.farecentronews.com\/index.php?rest_route=%2Fwp%2Fv2%2Fcategories&post=4753"},{"taxonomy":"post_tag","embeddable":true,"href":"https:\/\/www.farecentronews.com\/index.php?rest_route=%2Fwp%2Fv2%2Ftags&post=4753"}],"curies":[{"name":"wp","href":"https:\/\/api.w.org\/{rel}","templated":true}]}}