{"id":4621,"date":"2017-11-17T15:33:47","date_gmt":"2017-11-17T15:33:47","guid":{"rendered":"http:\/\/www.farecentronews.com\/?p=4621"},"modified":"2017-11-17T15:33:47","modified_gmt":"2017-11-17T15:33:47","slug":"leica-e-le-altre-cento-anni-di-fotografia-leica","status":"publish","type":"post","link":"https:\/\/www.farecentronews.com\/?p=4621","title":{"rendered":"Leica e le altre. Cento anni di fotografia Leica"},"content":{"rendered":"<p><strong><a href=\"http:\/\/www.farecentronews.com\/wp-content\/uploads\/2017\/11\/01_Fred-Herzog-Man-with-ba.jpg\"><img loading=\"lazy\" decoding=\"async\" class=\"alignleft size-medium wp-image-4628\" src=\"http:\/\/www.farecentronews.com\/wp-content\/uploads\/2017\/11\/01_Fred-Herzog-Man-with-ba-300x202.jpg\" alt=\"\" width=\"300\" height=\"202\" srcset=\"https:\/\/www.farecentronews.com\/wp-content\/uploads\/2017\/11\/01_Fred-Herzog-Man-with-ba-300x202.jpg 300w, https:\/\/www.farecentronews.com\/wp-content\/uploads\/2017\/11\/01_Fred-Herzog-Man-with-ba.jpg 500w\" sizes=\"auto, (max-width: 300px) 100vw, 300px\" \/><\/a>Leica<\/strong>, la celeberrima marca di apparecchi fotografici usati dai grandi professionisti dello scatto, apre i suoi archivi per offrirci oltre 350 stampe d&#8217;epoca originali, documenti storici, filmati su fotografi come <strong>Henri Cartier-Bresson<\/strong> e <strong>Garry Winogrand<\/strong>, locandine vintage e pubblicazioni storiche, nella mostra<strong> I Grandi Maestri. 100 anni di fotografia Leica<\/strong>, ospitata al <em><strong>Complesso del Vittoriano dal 16 novembre 2017 al 18 febbraio 2018<\/strong><\/em>. Dagli anni Venti fino ad oggi <strong>Leica<\/strong> ha segnato le tappe importanti dell&#8217;evoluzione artistica della fotografia; dalla prima fotocamera da 35 mm ideata da<strong> Oskar Barnack<\/strong> nel 1914, che segn\u00f2 la nascita di una fotografia dinamica e creativa offrendo all&#8217;occhio dell&#8217;artista uno strumento duttile e flessibile in ogni situazione di ripresa.\u00a0La mostra si articola in <em>16 sezioni<\/em> attraverso un percorso cronologico che va dalla nascita della prima Leica, fino alle recenti versioni. Dal<em> fotogiornalismo di guerra<\/em> che vede la Leica testimone nel 1930 della<em> Guerra Civile Spagnola<\/em> nelle mani di<strong> Erich Salomon<\/strong>, ma anche all&#8217;uso della fotocamera in contesti diversi come quelli della<em> moda<\/em>, passando dalla foto in studio a quella in strada.<\/p>\n<p>I migliori fotografi internazionali hanno avuto Leica come fedele ed affidabile compagna di lavoro dai bianchi e neri di <strong>Robert Capa , Henri<a href=\"http:\/\/www.farecentronews.com\/wp-content\/uploads\/2017\/11\/09.jpg\"><img loading=\"lazy\" decoding=\"async\" class=\"alignright size-medium wp-image-4629\" src=\"http:\/\/www.farecentronews.com\/wp-content\/uploads\/2017\/11\/09-300x200.jpg\" alt=\"\" width=\"300\" height=\"200\" srcset=\"https:\/\/www.farecentronews.com\/wp-content\/uploads\/2017\/11\/09-300x200.jpg 300w, https:\/\/www.farecentronews.com\/wp-content\/uploads\/2017\/11\/09.jpg 500w\" sizes=\"auto, (max-width: 300px) 100vw, 300px\" \/><\/a> Cartier-Bresson, Sebastiao Salgado<\/strong> fino al colore di <strong>William Eggleston<\/strong> e<strong> Fred Herzog<\/strong> (per citarne alcuni). Le sezioni comprendono: Oskar Barnack fotografo; Leica e la nuova visione (\u201cneues sehen\u201d); Fotogiornalismo 1925\u20131935; Fotografia e propaganda; Fotografia umanista; Gli anni di macerie; La fotografia soggettiva; Fotogiornalismo 1945\u20131970; Fotografia d\u2019autore; La \u201cnew color photography\u201d; Leica e la fotografia di moda; Leica in Giappone; Leica in Spagna; Leica in Portogallo; Fotografia d\u2019autore: anni \u201870; Fotografia d\u2019autore: dagli anni \u201880 a oggi. Non c&#8217;\u00e8 stato fotografo che non sia stato stregato da una Leica, uno di questi fu Cartier-Bresson che arriv\u00f2 a dire: \u201c<em>Le altre macchine fotografiche che ho provato mi hanno sempre convinto a ritornare a lei&#8230; Finch\u00e9 far\u00f2 questo lavoro, questa \u00e8 la mia macchina fotografica<\/em>\u201d. (ph apertura:Christer Str\u00f6mholm Nana, Place Blanche, Paris 1961 \u00a9 Christer Str\u00f6mholm Estate 2014 &#8211; ph interna sin. :\u00a0Fred Herzog, Man with bandage, 1968, Courtesy of Equinox Gallery, Vancouver \u00a9 Fred Herzog, 2016 &#8211; ph interna des..:\u00a0Jeff Mermelstein, Sidewalk, 1995 \u00a9 Jeff Mermelstein )<\/p>\n<p><em><strong>Dal 16 novembre 2017 al 18 febbraio 2018<\/strong><\/em><br \/>\n<strong>Complesso del Vittoriano \u2013 Ala Brasini<\/strong><br \/>\nvia S.Pietro in Carcere<br \/>\nOrari: lun-gio (9.30-19.30) \u2013 ven-sab (9.30-22.00) \u2013 dom (9.30-20.30)<br \/>\nBiglietti: intero 12\u20ac &#8211; ridotto 10\u20ac<br \/>\nwww.ilvittoriano.com<\/p>\n","protected":false},"excerpt":{"rendered":"<p>Leica, la celeberrima marca di apparecchi fotografici usati dai grandi professionisti dello scatto, apre i suoi archivi per offrirci oltre 350 stampe d&#8217;epoca originali, documenti storici, filmati su fotografi come Henri Cartier-Bresson e Garry Winogrand, locandine vintage e pubblicazioni storiche, nella mostra I Grandi Maestri. 100 anni di fotografia Leica, ospitata al Complesso del Vittoriano [&hellip;]<\/p>\n","protected":false},"author":3,"featured_media":4627,"comment_status":"closed","ping_status":"closed","sticky":false,"template":"","format":"standard","meta":{"footnotes":""},"categories":[3,30],"tags":[239,135,2168,2172,2166,2165,86,2164,2167,2169,2170,83,2171],"class_list":["post-4621","post","type-post","status-publish","format-standard","has-post-thumbnail","hentry","category-arte-cultura","category-mostre","tag-carlo-valenti","tag-complesso-del-vittoriano","tag-erich-salomon","tag-fred-herzog","tag-garry-winogrand","tag-henri-cartier-bresson","tag-in-evidenza","tag-leica","tag-oskar-barnack","tag-robert-capa","tag-sebastiao-salgado","tag-ultimissime","tag-william-eggleston"],"_links":{"self":[{"href":"https:\/\/www.farecentronews.com\/index.php?rest_route=\/wp\/v2\/posts\/4621","targetHints":{"allow":["GET"]}}],"collection":[{"href":"https:\/\/www.farecentronews.com\/index.php?rest_route=\/wp\/v2\/posts"}],"about":[{"href":"https:\/\/www.farecentronews.com\/index.php?rest_route=\/wp\/v2\/types\/post"}],"author":[{"embeddable":true,"href":"https:\/\/www.farecentronews.com\/index.php?rest_route=\/wp\/v2\/users\/3"}],"replies":[{"embeddable":true,"href":"https:\/\/www.farecentronews.com\/index.php?rest_route=%2Fwp%2Fv2%2Fcomments&post=4621"}],"version-history":[{"count":7,"href":"https:\/\/www.farecentronews.com\/index.php?rest_route=\/wp\/v2\/posts\/4621\/revisions"}],"predecessor-version":[{"id":4631,"href":"https:\/\/www.farecentronews.com\/index.php?rest_route=\/wp\/v2\/posts\/4621\/revisions\/4631"}],"wp:featuredmedia":[{"embeddable":true,"href":"https:\/\/www.farecentronews.com\/index.php?rest_route=\/wp\/v2\/media\/4627"}],"wp:attachment":[{"href":"https:\/\/www.farecentronews.com\/index.php?rest_route=%2Fwp%2Fv2%2Fmedia&parent=4621"}],"wp:term":[{"taxonomy":"category","embeddable":true,"href":"https:\/\/www.farecentronews.com\/index.php?rest_route=%2Fwp%2Fv2%2Fcategories&post=4621"},{"taxonomy":"post_tag","embeddable":true,"href":"https:\/\/www.farecentronews.com\/index.php?rest_route=%2Fwp%2Fv2%2Ftags&post=4621"}],"curies":[{"name":"wp","href":"https:\/\/api.w.org\/{rel}","templated":true}]}}