{"id":4580,"date":"2017-11-03T08:45:40","date_gmt":"2017-11-03T08:45:40","guid":{"rendered":"http:\/\/www.farecentronews.com\/?p=4580"},"modified":"2017-11-03T08:45:40","modified_gmt":"2017-11-03T08:45:40","slug":"the-black-show-la-band-the-musical-box-onora-i-genesis","status":"publish","type":"post","link":"https:\/\/www.farecentronews.com\/?p=4580","title":{"rendered":"The Black Show. La band The Musical Box onora i Genesis"},"content":{"rendered":"<p><a href=\"http:\/\/www.farecentronews.com\/wp-content\/uploads\/2017\/11\/THE-MUSICAL-BOX_The-Black-.jpg\"><img loading=\"lazy\" decoding=\"async\" class=\"alignleft size-medium wp-image-4583\" src=\"http:\/\/www.farecentronews.com\/wp-content\/uploads\/2017\/11\/THE-MUSICAL-BOX_The-Black--278x300.jpg\" alt=\"\" width=\"278\" height=\"300\" srcset=\"https:\/\/www.farecentronews.com\/wp-content\/uploads\/2017\/11\/THE-MUSICAL-BOX_The-Black--278x300.jpg 278w, https:\/\/www.farecentronews.com\/wp-content\/uploads\/2017\/11\/THE-MUSICAL-BOX_The-Black-.jpg 573w\" sizes=\"auto, (max-width: 278px) 100vw, 278px\" \/><\/a>Un salto indietro nel tempo: alle sonorit\u00e0 dei <strong>Genesis<\/strong> e dello storico lp in vinile <em>Selling England by the Pound<\/em>, \u00e8 il viaggio che \u00e8 possibile fare grazie alla band canadese<strong> The Musical Box<\/strong> che nel nuovo spettacolo<strong> The Black Show<\/strong> ci riporta nei mitici anni &#8217;70. Sonorit\u00e0, luci, costumi e voci nelle spettacolari cover di<strong> Peter Gabriel<\/strong> e i suoi, per la storia immortale del rock internazionale riportato sapientemente ai giorni nostri. Ogni particolare, infatti, \u00e8 una citazione alla sconvolgente atmosfera di quegli anni e al progressive rock di<em><strong> Supper\u2019s Ready<\/strong><\/em>, ad esempio: 23 minuti di puro trip musicale e di scenografiche immagini perfettamente fedeli all&#8217;originale. Lo hanno confermato anche<strong> Steve Hackett<\/strong> e <strong>Phil Collins<\/strong> che in passato hanno condiviso il palco con The Musical Box: \u201c<em>Non riesco a immaginare nessuna miglior tribute band<\/em> \u2013 dichiara Steve Hackett &#8211;<em> Non solo ricreano il suono, ma sono anche visivamente identici. Sembra che per loro niente sia difficile<\/em>\u201d. &#8220;<em>Non sono solo una tribute band<\/em>, &#8211; aggiunge Phil Collins &#8211;<em> loro hanno preso un periodo storico e lo stanno riproducendo fedelmente nello stesso modo in cui qualcun\u2019altro realizzerebbe una produzione teatrale<\/em>&#8220;. Il tour italiano tocca i prossimi giorni ben quattro citt\u00e0: l\u20198 novembre a Napoli (Teatro Augusteo), il 9 a Torino (Teatro Colosseo), il 10 a Padova (Gran Teatro Geox) e il 12 finalmente a Roma (Auditorium Parco della Musica, Sala Santa Cecilia). Imperdibile! (ph_courtesy of Daniele Mignardi PromopressAgency)<\/p>\n<p>12 Novembre 2017, Sala Santa Cecilia ore 21<br \/>\n<strong>The Musical Box<\/strong><br \/>\n<em><strong>Auditorium Parco della Musica<\/strong><\/em><br \/>\nViale Pietro de Coubertin, 30<br \/>\nBiglietteria Auditorium: 892.101<br \/>\nwww.auditorium.com<br \/>\nBiglietti: www.ticketone.it e punti vendita nazionali del circuito Ticketone<br \/>\nweb: www.thebase.it info: Tel. 06-54220870; info diversamente abili: Tel. 06-54220870<\/p>\n","protected":false},"excerpt":{"rendered":"<p>Un salto indietro nel tempo: alle sonorit\u00e0 dei Genesis e dello storico lp in vinile Selling England by the Pound, \u00e8 il viaggio che \u00e8 possibile fare grazie alla band canadese The Musical Box che nel nuovo spettacolo The Black Show ci riporta nei mitici anni &#8217;70. Sonorit\u00e0, luci, costumi e voci nelle spettacolari cover [&hellip;]<\/p>\n","protected":false},"author":4,"featured_media":4582,"comment_status":"closed","ping_status":"closed","sticky":false,"template":"","format":"standard","meta":{"footnotes":""},"categories":[32,5],"tags":[77,2133,86,243,2135,2137,2136,2134,83],"class_list":["post-4580","post","type-post","status-publish","format-standard","has-post-thumbnail","hentry","category-concerti","category-musica-spettacolo","tag-auditorium-parco-della-musica","tag-genesis","tag-in-evidenza","tag-marina-de-benedictis","tag-peter-gabriel","tag-phil-collins","tag-steve-hackett","tag-the-musical-box","tag-ultimissime"],"_links":{"self":[{"href":"https:\/\/www.farecentronews.com\/index.php?rest_route=\/wp\/v2\/posts\/4580","targetHints":{"allow":["GET"]}}],"collection":[{"href":"https:\/\/www.farecentronews.com\/index.php?rest_route=\/wp\/v2\/posts"}],"about":[{"href":"https:\/\/www.farecentronews.com\/index.php?rest_route=\/wp\/v2\/types\/post"}],"author":[{"embeddable":true,"href":"https:\/\/www.farecentronews.com\/index.php?rest_route=\/wp\/v2\/users\/4"}],"replies":[{"embeddable":true,"href":"https:\/\/www.farecentronews.com\/index.php?rest_route=%2Fwp%2Fv2%2Fcomments&post=4580"}],"version-history":[{"count":2,"href":"https:\/\/www.farecentronews.com\/index.php?rest_route=\/wp\/v2\/posts\/4580\/revisions"}],"predecessor-version":[{"id":4584,"href":"https:\/\/www.farecentronews.com\/index.php?rest_route=\/wp\/v2\/posts\/4580\/revisions\/4584"}],"wp:featuredmedia":[{"embeddable":true,"href":"https:\/\/www.farecentronews.com\/index.php?rest_route=\/wp\/v2\/media\/4582"}],"wp:attachment":[{"href":"https:\/\/www.farecentronews.com\/index.php?rest_route=%2Fwp%2Fv2%2Fmedia&parent=4580"}],"wp:term":[{"taxonomy":"category","embeddable":true,"href":"https:\/\/www.farecentronews.com\/index.php?rest_route=%2Fwp%2Fv2%2Fcategories&post=4580"},{"taxonomy":"post_tag","embeddable":true,"href":"https:\/\/www.farecentronews.com\/index.php?rest_route=%2Fwp%2Fv2%2Ftags&post=4580"}],"curies":[{"name":"wp","href":"https:\/\/api.w.org\/{rel}","templated":true}]}}