{"id":4510,"date":"2017-09-28T08:28:15","date_gmt":"2017-09-28T08:28:15","guid":{"rendered":"http:\/\/www.farecentronews.com\/?p=4510"},"modified":"2017-09-28T08:28:15","modified_gmt":"2017-09-28T08:28:15","slug":"storyboard-il-cinema-frame-by-frame","status":"publish","type":"post","link":"https:\/\/www.farecentronews.com\/?p=4510","title":{"rendered":"Storyboard. Il cinema frame by frame"},"content":{"rendered":"<p><a href=\"http:\/\/www.farecentronews.com\/wp-content\/uploads\/2017\/09\/image003.jpg\"><img loading=\"lazy\" decoding=\"async\" class=\"alignleft size-medium wp-image-4513\" src=\"http:\/\/www.farecentronews.com\/wp-content\/uploads\/2017\/09\/image003-300x145.jpg\" alt=\"\" width=\"300\" height=\"145\" srcset=\"https:\/\/www.farecentronews.com\/wp-content\/uploads\/2017\/09\/image003-300x145.jpg 300w, https:\/\/www.farecentronews.com\/wp-content\/uploads\/2017\/09\/image003.jpg 495w\" sizes=\"auto, (max-width: 300px) 100vw, 300px\" \/><\/a>L&#8217;immagine cinematografica, come molti sanno, nasce spesso prima sulla carta che sulla pellicola e ad alcuni artisti viene affidato il compito di rappresentare con schizzi sapienti e convincenti quelle inquadrature che poi il regista finalizzer\u00e0 con la macchina da presa. Questo iniziale approccio visivo si chiama \u201c<strong>storyboard<\/strong>\u201d. Ed \u00e8 proprio a <strong>David Orlandelli<\/strong>, storyboard artist, che viene affidata la cura di questa mostra espositiva in corso alla <strong>Casa del Cinema<\/strong> fino al 29 ottobre, dove potremo ammirare tavole realizzate da pi\u00f9 rinomati disegnatori per il cinema come <strong>Davide De Cubellis, Daniele Dickmann, Cristiano Donzelli, Marco Valerio Gallo, Marco Letizia<\/strong> e lo stesso Orlandelli. Il visitatore, attraverso le tavole esposte, potr\u00e0 conosce in dettaglio quello che avviene prima e dopo le riprese come, tra le altre cose, la preparazione delle sequenze per la computer grafica. <a href=\"http:\/\/www.farecentronews.com\/wp-content\/uploads\/2017\/09\/MARCO_VALERIO_GALLO-Lo-ch.jpg\"><img loading=\"lazy\" decoding=\"async\" class=\"alignright size-medium wp-image-4514\" src=\"http:\/\/www.farecentronews.com\/wp-content\/uploads\/2017\/09\/MARCO_VALERIO_GALLO-Lo-ch-300x140.jpg\" alt=\"\" width=\"300\" height=\"140\" srcset=\"https:\/\/www.farecentronews.com\/wp-content\/uploads\/2017\/09\/MARCO_VALERIO_GALLO-Lo-ch-300x140.jpg 300w, https:\/\/www.farecentronews.com\/wp-content\/uploads\/2017\/09\/MARCO_VALERIO_GALLO-Lo-ch.jpg 500w\" sizes=\"auto, (max-width: 300px) 100vw, 300px\" \/><\/a>Verr\u00e0 raccontato lo sviluppo creativo che parte dallo sketch per finire con la ripresa vera e propria, perch\u00e9 dietro ogni immagine dello storyboard <em>c&#8217;\u00e8 lo sforzo di vedere con la macchina da presa<\/em>. Durante tutta la durata della mostra si terranno proiezioni ed incontri che analizzeranno a fondo il mondo e le tecniche dello storyboard.<\/p>\n<p><em><strong>Fino al 29 ottobre 2017<\/strong><\/em><br \/>\n<strong>Storyboard.Il Cinema frame by frame<\/strong><br \/>\n<strong><em>Casa del Cinema<\/em><\/strong><br \/>\nLargo Marcello Mastroianni, 1<br \/>\ninfo tel. 060608 www.casadelcinema.it www.060608.it<br \/>\nIngresso gratuito<br \/>\nOrari mostra Luned\u00ec-Venerd\u00ec 16.00\/20.00 | Sabato-Domenica 10.00\/13.00 \u2013 16.00\/20.00<\/p>\n","protected":false},"excerpt":{"rendered":"<p>L&#8217;immagine cinematografica, come molti sanno, nasce spesso prima sulla carta che sulla pellicola e ad alcuni artisti viene affidato il compito di rappresentare con schizzi sapienti e convincenti quelle inquadrature che poi il regista finalizzer\u00e0 con la macchina da presa. Questo iniziale approccio visivo si chiama \u201cstoryboard\u201d. Ed \u00e8 proprio a David Orlandelli, storyboard artist, [&hellip;]<\/p>\n","protected":false},"author":3,"featured_media":4512,"comment_status":"closed","ping_status":"closed","sticky":false,"template":"","format":"standard","meta":{"footnotes":""},"categories":[3,30],"tags":[239,216,2109,2108,2106,2107,86,2111,2110,2105,83],"class_list":["post-4510","post","type-post","status-publish","format-standard","has-post-thumbnail","hentry","category-arte-cultura","category-mostre","tag-carlo-valenti","tag-casa-del-cinema","tag-cristiano-donzelli","tag-daniele-dickmann","tag-david-orlandelli","tag-davide-de-cubellis","tag-in-evidenza","tag-marco-letizia","tag-marco-valerio-gallo","tag-storyboard","tag-ultimissime"],"_links":{"self":[{"href":"https:\/\/www.farecentronews.com\/index.php?rest_route=\/wp\/v2\/posts\/4510","targetHints":{"allow":["GET"]}}],"collection":[{"href":"https:\/\/www.farecentronews.com\/index.php?rest_route=\/wp\/v2\/posts"}],"about":[{"href":"https:\/\/www.farecentronews.com\/index.php?rest_route=\/wp\/v2\/types\/post"}],"author":[{"embeddable":true,"href":"https:\/\/www.farecentronews.com\/index.php?rest_route=\/wp\/v2\/users\/3"}],"replies":[{"embeddable":true,"href":"https:\/\/www.farecentronews.com\/index.php?rest_route=%2Fwp%2Fv2%2Fcomments&post=4510"}],"version-history":[{"count":2,"href":"https:\/\/www.farecentronews.com\/index.php?rest_route=\/wp\/v2\/posts\/4510\/revisions"}],"predecessor-version":[{"id":4515,"href":"https:\/\/www.farecentronews.com\/index.php?rest_route=\/wp\/v2\/posts\/4510\/revisions\/4515"}],"wp:featuredmedia":[{"embeddable":true,"href":"https:\/\/www.farecentronews.com\/index.php?rest_route=\/wp\/v2\/media\/4512"}],"wp:attachment":[{"href":"https:\/\/www.farecentronews.com\/index.php?rest_route=%2Fwp%2Fv2%2Fmedia&parent=4510"}],"wp:term":[{"taxonomy":"category","embeddable":true,"href":"https:\/\/www.farecentronews.com\/index.php?rest_route=%2Fwp%2Fv2%2Fcategories&post=4510"},{"taxonomy":"post_tag","embeddable":true,"href":"https:\/\/www.farecentronews.com\/index.php?rest_route=%2Fwp%2Fv2%2Ftags&post=4510"}],"curies":[{"name":"wp","href":"https:\/\/api.w.org\/{rel}","templated":true}]}}