{"id":4503,"date":"2017-09-21T16:52:45","date_gmt":"2017-09-21T16:52:45","guid":{"rendered":"http:\/\/www.farecentronews.com\/?p=4503"},"modified":"2017-09-21T16:52:45","modified_gmt":"2017-09-21T16:52:45","slug":"romaeuropa-festival-apre-con-sasha-waltz","status":"publish","type":"post","link":"https:\/\/www.farecentronews.com\/?p=4503","title":{"rendered":"RomaEuropa Festival apre con Sasha Waltz"},"content":{"rendered":"<p><a href=\"http:\/\/www.farecentronews.com\/wp-content\/uploads\/2017\/09\/APERTURA_KREATUR_SASHA-WALT.jpg\"><img loading=\"lazy\" decoding=\"async\" class=\"alignleft size-medium wp-image-4507\" src=\"http:\/\/www.farecentronews.com\/wp-content\/uploads\/2017\/09\/APERTURA_KREATUR_SASHA-WALT-300x199.jpg\" alt=\"\" width=\"300\" height=\"199\" srcset=\"https:\/\/www.farecentronews.com\/wp-content\/uploads\/2017\/09\/APERTURA_KREATUR_SASHA-WALT-300x199.jpg 300w, https:\/\/www.farecentronews.com\/wp-content\/uploads\/2017\/09\/APERTURA_KREATUR_SASHA-WALT.jpg 700w\" sizes=\"auto, (max-width: 300px) 100vw, 300px\" \/><\/a>L&#8217;arte incontra la moda che incontra la musica in \u201c<strong>Kreatur<\/strong>\u201d: lo spettacolo visionario della coreografa tedesca <strong>Sasha Waltz<\/strong>, al<strong> Teatro Argentina<\/strong> solo sino a Sabato 23. Una performance collettiva creata a Berlino e portata sul palcoscenico romano per la prima volta, grazie alla collaborazione di<strong> Iris Van Herpen<\/strong> fashion designer olandese, Urs Sch\u00f6nebaum per le luci, Soundwalk Collective per la musica. Un viaggio avveniristico fra corpi nudi e costumi impalpabili creati ad hoc per i 14 danzatori che si muovono in una scenografia aiutata dalle nuove tecnologie. Suoni naturali e sintetici, sequenze minimali e percussive suggestionano i nostri sensi trasportandoci in un mondo di luci ed ombre, del tutto onirico. I temi rappresentati simbolicamente sul palco sono il potere e la sua assenza, il dominio e la debolezza, la libert\u00e0 e il controllo, la collaborazione e l\u2019isolamento. Uno spettacolo sui generis e dotto, quindi, frutto della pi\u00f9 elaborata creativit\u00e0 scenografica, unita alla ricerca del significato psicologico della mente umana e dei rapporti interpersonali. Ed \u00e8 solo l&#8217;inizio: ReF17 continua nei mesi a venire con una intensa programmazione. (ph_courtesy of Piero Tauro_ReF Press Office)<\/p>\n<p><em><strong>dal 21 al 23 Settembre 2017<\/strong><\/em><br \/>\n<strong>Kreatur<\/strong><br \/>\nTeatro Argentina<br \/>\nInfo e biglietteria<br \/>\nTel. 06 45 55 30 50\/51<br \/>\npromozione@romaeuropa.net<br \/>\nwww.romaeuropa.net<\/p>\n<p><iframe loading=\"lazy\" title=\"TRAILER REf17 - SASHA WALTZ &amp; GUESTS - Kreatur\" width=\"630\" height=\"354\" src=\"https:\/\/www.youtube.com\/embed\/8w-JKgBIrAM?feature=oembed\" frameborder=\"0\" allow=\"accelerometer; autoplay; clipboard-write; encrypted-media; gyroscope; picture-in-picture; web-share\" referrerpolicy=\"strict-origin-when-cross-origin\" allowfullscreen><\/iframe><\/p>\n","protected":false},"excerpt":{"rendered":"<p>L&#8217;arte incontra la moda che incontra la musica in \u201cKreatur\u201d: lo spettacolo visionario della coreografa tedesca Sasha Waltz, al Teatro Argentina solo sino a Sabato 23. Una performance collettiva creata a Berlino e portata sul palcoscenico romano per la prima volta, grazie alla collaborazione di Iris Van Herpen fashion designer olandese, Urs Sch\u00f6nebaum per le [&hellip;]<\/p>\n","protected":false},"author":4,"featured_media":4506,"comment_status":"closed","ping_status":"closed","sticky":false,"template":"","format":"standard","meta":{"footnotes":""},"categories":[5,33],"tags":[86,2104,2102,243,2103,1375,83],"class_list":["post-4503","post","type-post","status-publish","format-standard","has-post-thumbnail","hentry","category-musica-spettacolo","category-teatro","tag-in-evidenza","tag-iris-van-herpen","tag-kreatur","tag-marina-de-benedictis","tag-sasha-waltz","tag-teatro-argentina","tag-ultimissime"],"_links":{"self":[{"href":"https:\/\/www.farecentronews.com\/index.php?rest_route=\/wp\/v2\/posts\/4503","targetHints":{"allow":["GET"]}}],"collection":[{"href":"https:\/\/www.farecentronews.com\/index.php?rest_route=\/wp\/v2\/posts"}],"about":[{"href":"https:\/\/www.farecentronews.com\/index.php?rest_route=\/wp\/v2\/types\/post"}],"author":[{"embeddable":true,"href":"https:\/\/www.farecentronews.com\/index.php?rest_route=\/wp\/v2\/users\/4"}],"replies":[{"embeddable":true,"href":"https:\/\/www.farecentronews.com\/index.php?rest_route=%2Fwp%2Fv2%2Fcomments&post=4503"}],"version-history":[{"count":3,"href":"https:\/\/www.farecentronews.com\/index.php?rest_route=\/wp\/v2\/posts\/4503\/revisions"}],"predecessor-version":[{"id":4508,"href":"https:\/\/www.farecentronews.com\/index.php?rest_route=\/wp\/v2\/posts\/4503\/revisions\/4508"}],"wp:featuredmedia":[{"embeddable":true,"href":"https:\/\/www.farecentronews.com\/index.php?rest_route=\/wp\/v2\/media\/4506"}],"wp:attachment":[{"href":"https:\/\/www.farecentronews.com\/index.php?rest_route=%2Fwp%2Fv2%2Fmedia&parent=4503"}],"wp:term":[{"taxonomy":"category","embeddable":true,"href":"https:\/\/www.farecentronews.com\/index.php?rest_route=%2Fwp%2Fv2%2Fcategories&post=4503"},{"taxonomy":"post_tag","embeddable":true,"href":"https:\/\/www.farecentronews.com\/index.php?rest_route=%2Fwp%2Fv2%2Ftags&post=4503"}],"curies":[{"name":"wp","href":"https:\/\/api.w.org\/{rel}","templated":true}]}}