{"id":4309,"date":"2017-05-18T13:31:46","date_gmt":"2017-05-18T13:31:46","guid":{"rendered":"http:\/\/www.farecentronews.com\/?p=4309"},"modified":"2017-05-18T13:31:46","modified_gmt":"2017-05-18T13:31:46","slug":"volver-anima-tango-passionalita-argentina","status":"publish","type":"post","link":"https:\/\/www.farecentronews.com\/?p=4309","title":{"rendered":"Volver Anima Tango. Passionalit\u00e0 argentina"},"content":{"rendered":"<p><a href=\"http:\/\/www.farecentronews.com\/wp-content\/uploads\/2017\/05\/PlacidoAnnalisa04.jpg\"><img loading=\"lazy\" decoding=\"async\" class=\"alignleft size-medium wp-image-4312\" src=\"http:\/\/www.farecentronews.com\/wp-content\/uploads\/2017\/05\/PlacidoAnnalisa04-300x200.jpg\" alt=\"\" width=\"300\" height=\"200\" srcset=\"https:\/\/www.farecentronews.com\/wp-content\/uploads\/2017\/05\/PlacidoAnnalisa04-300x200.jpg 300w, https:\/\/www.farecentronews.com\/wp-content\/uploads\/2017\/05\/PlacidoAnnalisa04.jpg 500w\" sizes=\"auto, (max-width: 300px) 100vw, 300px\" \/><\/a>Da Gardel a Piazzolla, da Bacalov a Modugno passando per Tenco e cos\u00ec via.<strong> Volver Anima Tango<\/strong> \u00e8 un viaggio nelle sonorit\u00e0 e nelle parole del \u201c<em>pensiero triste che si balla<\/em>\u201d: un ritorno alle emozioni, agli abbracci e alle sensuali movenze di un ballo che \u00e8 tradizione, simbolo e ricordo. E per rapire il pubblico, in anteprima assoluta, Sabato sera in<strong> Auditorium<\/strong> si esibiranno i migliori artisti: <strong>Placido Domingo jr.<\/strong> nel suo ruolo di cantante, compositore e produttore; <strong>Buenos Aires Caf\u00e8 Sextet<\/strong> con l&#8217;antico suono della fisarmonica e il classico bandoneon nelle mani preziose di <strong>Cristiano Lui<\/strong>; <strong>Annalisa Biancofiore<\/strong> cantante, attrice e regista; il corpo di ballo guidato da <strong>Pablo Moyano<\/strong> e <strong>Roberta Beccarini<\/strong>,<a href=\"http:\/\/www.farecentronews.com\/wp-content\/uploads\/2017\/05\/Placido03.jpg\"><img loading=\"lazy\" decoding=\"async\" class=\"alignright size-medium wp-image-4314\" src=\"http:\/\/www.farecentronews.com\/wp-content\/uploads\/2017\/05\/Placido03-300x221.jpg\" alt=\"\" width=\"300\" height=\"221\" srcset=\"https:\/\/www.farecentronews.com\/wp-content\/uploads\/2017\/05\/Placido03-300x221.jpg 300w, https:\/\/www.farecentronews.com\/wp-content\/uploads\/2017\/05\/Placido03.jpg 500w\" sizes=\"auto, (max-width: 300px) 100vw, 300px\" \/><\/a> coreografi. Tutto \u00e8 tango per gli argentini: \u00e8 uno stato dell&#8217;animo, un modo di essere, malinconico e felice. In questo straordinario spettacolo romano, a met\u00e0 fra concerto e poesia, la danza ci porta passo dopo passo dentro un viaggio misterioso e denso di pathos. Imperdibile. (ph_courtesy of Manuela Giusto\/MusicaperRoma)<\/p>\n<p><strong>Auditorium Parco della Musica_Roma<\/strong><br \/>\n<strong><em>Stagioni delle Arti &#8211; Volver Anima Tango<\/em><\/strong><br \/>\n<strong>Sabato 20 Maggio &#8211; Sala Sinopoli, ore 21<\/strong><br \/>\nInfo: 0680241281<\/p>\n<p>&nbsp;<\/p>\n","protected":false},"excerpt":{"rendered":"<p>Da Gardel a Piazzolla, da Bacalov a Modugno passando per Tenco e cos\u00ec via. Volver Anima Tango \u00e8 un viaggio nelle sonorit\u00e0 e nelle parole del \u201cpensiero triste che si balla\u201d: un ritorno alle emozioni, agli abbracci e alle sensuali movenze di un ballo che \u00e8 tradizione, simbolo e ricordo. E per rapire il pubblico, [&hellip;]<\/p>\n","protected":false},"author":4,"featured_media":4311,"comment_status":"closed","ping_status":"closed","sticky":false,"template":"","format":"standard","meta":{"footnotes":""},"categories":[32,5],"tags":[1997,77,1995,1996,86,243,1998,1994,1999,83,1993],"class_list":["post-4309","post","type-post","status-publish","format-standard","has-post-thumbnail","hentry","category-concerti","category-musica-spettacolo","tag-annalisa-biancofiore","tag-auditorium-parco-della-musica","tag-buenos-aires-cafe-sextet","tag-cristiano-lui","tag-in-evidenza","tag-marina-de-benedictis","tag-pablo-moyano","tag-placido-domingo-jr","tag-roberta-beccarini","tag-ultimissime","tag-volver-anima-tango"],"_links":{"self":[{"href":"https:\/\/www.farecentronews.com\/index.php?rest_route=\/wp\/v2\/posts\/4309","targetHints":{"allow":["GET"]}}],"collection":[{"href":"https:\/\/www.farecentronews.com\/index.php?rest_route=\/wp\/v2\/posts"}],"about":[{"href":"https:\/\/www.farecentronews.com\/index.php?rest_route=\/wp\/v2\/types\/post"}],"author":[{"embeddable":true,"href":"https:\/\/www.farecentronews.com\/index.php?rest_route=\/wp\/v2\/users\/4"}],"replies":[{"embeddable":true,"href":"https:\/\/www.farecentronews.com\/index.php?rest_route=%2Fwp%2Fv2%2Fcomments&post=4309"}],"version-history":[{"count":3,"href":"https:\/\/www.farecentronews.com\/index.php?rest_route=\/wp\/v2\/posts\/4309\/revisions"}],"predecessor-version":[{"id":4315,"href":"https:\/\/www.farecentronews.com\/index.php?rest_route=\/wp\/v2\/posts\/4309\/revisions\/4315"}],"wp:featuredmedia":[{"embeddable":true,"href":"https:\/\/www.farecentronews.com\/index.php?rest_route=\/wp\/v2\/media\/4311"}],"wp:attachment":[{"href":"https:\/\/www.farecentronews.com\/index.php?rest_route=%2Fwp%2Fv2%2Fmedia&parent=4309"}],"wp:term":[{"taxonomy":"category","embeddable":true,"href":"https:\/\/www.farecentronews.com\/index.php?rest_route=%2Fwp%2Fv2%2Fcategories&post=4309"},{"taxonomy":"post_tag","embeddable":true,"href":"https:\/\/www.farecentronews.com\/index.php?rest_route=%2Fwp%2Fv2%2Ftags&post=4309"}],"curies":[{"name":"wp","href":"https:\/\/api.w.org\/{rel}","templated":true}]}}