{"id":4193,"date":"2017-02-10T16:53:00","date_gmt":"2017-02-10T16:53:00","guid":{"rendered":"http:\/\/www.farecentronews.com\/?p=4193"},"modified":"2017-02-10T16:53:00","modified_gmt":"2017-02-10T16:53:00","slug":"fashion-trend_vedo-nude","status":"publish","type":"post","link":"https:\/\/www.farecentronews.com\/?p=4193","title":{"rendered":"#Fashion Trend_Vedo Nude"},"content":{"rendered":"<p><a href=\"http:\/\/www.farecentronews.com\/wp-content\/uploads\/2017\/02\/quattromani_ss17_web_res23.jpg\"><img loading=\"lazy\" decoding=\"async\" class=\"alignleft size-medium wp-image-4196\" src=\"http:\/\/www.farecentronews.com\/wp-content\/uploads\/2017\/02\/quattromani_ss17_web_res23-200x300.jpg\" alt=\"\" width=\"200\" height=\"300\" srcset=\"https:\/\/www.farecentronews.com\/wp-content\/uploads\/2017\/02\/quattromani_ss17_web_res23-200x300.jpg 200w, https:\/\/www.farecentronews.com\/wp-content\/uploads\/2017\/02\/quattromani_ss17_web_res23.jpg 667w\" sizes=\"auto, (max-width: 200px) 100vw, 200px\" \/><\/a>Rosa cipria, color carne, neutro, nude. Chiamatelo come desiderate: \u00e8 questo il colore <i>must <\/i>della prossima Primavera. Una tinta rilassante, estremamente femminile e sobria, che dona immediatamente a chi la indossa un&#8217;<i>allure <\/i>raffinata ed elegante. E i giovani Stilisti lo sanno. Per questo le nuove <b>Collezioni Primavera\/Estate 2017<\/b> si aprono con il trionfo del nudo per accessori, abiti e fashion beauty. Ma il <i>quid <\/i>in pi\u00f9 \u00e8 quel tocco di contemporaneo in totale contrasto, regalato dalla creativit\u00e0 di chi realizza la Moda di domani, come nel caso del Brand <b>Quattromani<\/b> con il <i>total look nude<\/i> insieme al vestito e la <i>jumpsuit<\/i>. O delle inimitabili borse di <strong>Federica Berardelli <\/strong>nei modelli <i>New Mini Alex<\/i> e <i>New Big Alex<\/i> con frange, dove il rosa tenue \u00e8 spezzato da ipnotici dettagli gioiello. Poi le <i>shoes<\/i> di <strong>Damiano Marini <\/strong>nei modelli <i>Chalmette <\/i>e <i>Madison<\/i>. Numerose collezioni a tema &#8211; tutte da scoprire &#8211; completano infine la scelta,<a href=\"http:\/\/www.farecentronews.com\/wp-content\/uploads\/2017\/02\/Damiano_marini_ss17_still_life_high_res17.jpg\"><img loading=\"lazy\" decoding=\"async\" class=\"alignright size-medium wp-image-4197\" src=\"http:\/\/www.farecentronews.com\/wp-content\/uploads\/2017\/02\/Damiano_marini_ss17_still_life_high_res17-300x200.jpg\" alt=\"\" width=\"300\" height=\"200\" srcset=\"https:\/\/www.farecentronews.com\/wp-content\/uploads\/2017\/02\/Damiano_marini_ss17_still_life_high_res17-300x200.jpg 300w, https:\/\/www.farecentronews.com\/wp-content\/uploads\/2017\/02\/Damiano_marini_ss17_still_life_high_res17-768x512.jpg 768w, https:\/\/www.farecentronews.com\/wp-content\/uploads\/2017\/02\/Damiano_marini_ss17_still_life_high_res17.jpg 1000w\" sizes=\"auto, (max-width: 300px) 100vw, 300px\" \/><\/a> con <i>longdress, clutch <\/i>e gioielli, nei nomi di<a href=\"http:\/\/trenta7.com\/it\"><b> Trenta7 <\/b><\/a>, <b>Giuliana Mancinelli Bonafaccia<\/b>, <a href=\"http:\/\/marcogrisolia.it\"><b>Marco Grisolia<\/b><\/a>. Un folto gruppo di talenti di nuova generazione, finalmente ricchi di idee appassionanti. (ph_courtesy of StudioDModa)<\/p>\n<p><cite><a href=\"http:\/\/www.quattro-mani.it\/\"><b>www.quattro-mani.it<br \/>\n<\/b><\/a><\/cite><cite><a href=\"http:\/\/www.federicaberardelli.com\/\"><b>www.federicaberardelli.com<br \/>\n<\/b><\/a><\/cite><cite><a href=\"http:\/\/www.damianomarini.it\/\"><b>www.damianomarini.it<\/b><\/a><\/cite><\/p>\n<p><cite><span style=\"color: #0000cc\"><u><strong><em>Scopri Giuliana Mancinelli Bonafaccia nel Centro di Roma:<\/em><\/strong><b><br \/>\n<\/b><\/u><\/span><\/cite><span style=\"color: #000000\">Via Sabotino, 31<\/span><\/p>\n","protected":false},"excerpt":{"rendered":"<p>Rosa cipria, color carne, neutro, nude. Chiamatelo come desiderate: \u00e8 questo il colore must della prossima Primavera. Una tinta rilassante, estremamente femminile e sobria, che dona immediatamente a chi la indossa un&#8217;allure raffinata ed elegante. E i giovani Stilisti lo sanno. Per questo le nuove Collezioni Primavera\/Estate 2017 si aprono con il trionfo del nudo [&hellip;]<\/p>\n","protected":false},"author":4,"featured_media":4195,"comment_status":"closed","ping_status":"closed","sticky":false,"template":"","format":"standard","meta":{"footnotes":""},"categories":[35,1],"tags":[1937,1260,281,462,86,1938,243,463,279],"class_list":["post-4193","post","type-post","status-publish","format-standard","has-post-thumbnail","hentry","category-fashion-news","category-moda-shopping","tag-collezioni-primaveraestate-2017","tag-damiano-marini","tag-federica-berardelli","tag-giuliana-mancinelli-bonafaccia","tag-in-evidenza","tag-marco-grisolia","tag-marina-de-benedictis","tag-quattromani","tag-trenta7"],"_links":{"self":[{"href":"https:\/\/www.farecentronews.com\/index.php?rest_route=\/wp\/v2\/posts\/4193","targetHints":{"allow":["GET"]}}],"collection":[{"href":"https:\/\/www.farecentronews.com\/index.php?rest_route=\/wp\/v2\/posts"}],"about":[{"href":"https:\/\/www.farecentronews.com\/index.php?rest_route=\/wp\/v2\/types\/post"}],"author":[{"embeddable":true,"href":"https:\/\/www.farecentronews.com\/index.php?rest_route=\/wp\/v2\/users\/4"}],"replies":[{"embeddable":true,"href":"https:\/\/www.farecentronews.com\/index.php?rest_route=%2Fwp%2Fv2%2Fcomments&post=4193"}],"version-history":[{"count":2,"href":"https:\/\/www.farecentronews.com\/index.php?rest_route=\/wp\/v2\/posts\/4193\/revisions"}],"predecessor-version":[{"id":4198,"href":"https:\/\/www.farecentronews.com\/index.php?rest_route=\/wp\/v2\/posts\/4193\/revisions\/4198"}],"wp:featuredmedia":[{"embeddable":true,"href":"https:\/\/www.farecentronews.com\/index.php?rest_route=\/wp\/v2\/media\/4195"}],"wp:attachment":[{"href":"https:\/\/www.farecentronews.com\/index.php?rest_route=%2Fwp%2Fv2%2Fmedia&parent=4193"}],"wp:term":[{"taxonomy":"category","embeddable":true,"href":"https:\/\/www.farecentronews.com\/index.php?rest_route=%2Fwp%2Fv2%2Fcategories&post=4193"},{"taxonomy":"post_tag","embeddable":true,"href":"https:\/\/www.farecentronews.com\/index.php?rest_route=%2Fwp%2Fv2%2Ftags&post=4193"}],"curies":[{"name":"wp","href":"https:\/\/api.w.org\/{rel}","templated":true}]}}