{"id":4106,"date":"2016-11-23T15:07:54","date_gmt":"2016-11-23T15:07:54","guid":{"rendered":"http:\/\/www.farecentronews.com\/?p=4106"},"modified":"2016-11-23T15:08:52","modified_gmt":"2016-11-23T15:08:52","slug":"lespressionismo-tragico-di-antonio-ligabue","status":"publish","type":"post","link":"https:\/\/www.farecentronews.com\/?p=4106","title":{"rendered":"L&#8217;espressionismo tragico di Antonio Ligabue"},"content":{"rendered":"<p><img loading=\"lazy\" decoding=\"async\" class=\"alignleft size-medium wp-image-4109\" src=\"http:\/\/www.farecentronews.com\/wp-content\/uploads\/2016\/11\/antonio-ligabue-Gorilla-con-300x263.jpg\" alt=\"antonio-ligabue-gorilla-con\" width=\"300\" height=\"263\" srcset=\"https:\/\/www.farecentronews.com\/wp-content\/uploads\/2016\/11\/antonio-ligabue-Gorilla-con-300x263.jpg 300w, https:\/\/www.farecentronews.com\/wp-content\/uploads\/2016\/11\/antonio-ligabue-Gorilla-con.jpg 500w\" sizes=\"auto, (max-width: 300px) 100vw, 300px\" \/>Le sale del <strong>Vittoriano<\/strong> ospitano fino all&#8217;8 gennaio 2017 i dipinti di quel genio tormentato originario svizzero ma vissuto fino alla morte presso le rive del Po che risponde al nome di <strong>Antonio Ligabue<\/strong>. Nato a Zurigo nel 1889 ed espulso vent&#8217;anni dopo dal suo paese, approda a Gualtieri dove incontra, ormai trent&#8217;enne, <strong>Romano Marino Mazzacurati<\/strong>, pittore cubista ed espressionista della <em>Scuola Romana<\/em>, che vede in Ligabue un talento da valorizzare. Sotto la guida del pittore, Antonio impara l&#8217;uso del colore ad olio e sviluppa un suo particolare discorso espressionista attraverso rappresentazioni della lotta per la sopravvivenza. Le sue tele sono popolate di animali della foresta e vi si ritrae spesso come testimone di quel tormento e di quella costante amarezza che lo hanno accompagnato nella sua vita. Un&#8217;esistenza vissuta tra l&#8217;ostilit\u00e0 e l&#8217;incomprensione dove trovava l&#8217;unico conforto nella rappresentazione del lavoro nei campi e degli animali, in particolare cani, che amava particolarmente. <img loading=\"lazy\" decoding=\"async\" class=\"alignright size-medium wp-image-4110\" src=\"http:\/\/www.farecentronews.com\/wp-content\/uploads\/2016\/11\/Autoritratto-con-spaventapa-215x300.jpg\" alt=\"autoritratto-con-spaventapa\" width=\"215\" height=\"300\" srcset=\"https:\/\/www.farecentronews.com\/wp-content\/uploads\/2016\/11\/Autoritratto-con-spaventapa-215x300.jpg 215w, https:\/\/www.farecentronews.com\/wp-content\/uploads\/2016\/11\/Autoritratto-con-spaventapa.jpg 400w\" sizes=\"auto, (max-width: 215px) 100vw, 215px\" \/><em><strong>100 le opere esposte<\/strong><\/em>, un excursus storico e critico sull&#8217;attualit\u00e0 pittorica di questo genio visionario autodidatta capace di trasfigurare la realt\u00e0 attraverso il filtro di una sensibilit\u00e0 viscerale ma profondamente umana che gli valse la conquista di una propria identit\u00e0 d&#8217;artista.<br \/>\n<em><strong>Fino all&#8217;8 gennaio 2017<\/strong><\/em><br \/>\n<strong>Complesso del Vittoriano<\/strong><br \/>\nAla Brasini<br \/>\nVia di San Pietro in Carcere<br \/>\n<a href=\"http:\/\/www.ilvittoriano.com\">www.il<b>vittoriano<\/b>.com<\/a><\/p>\n","protected":false},"excerpt":{"rendered":"<p>Le sale del Vittoriano ospitano fino all&#8217;8 gennaio 2017 i dipinti di quel genio tormentato originario svizzero ma vissuto fino alla morte presso le rive del Po che risponde al nome di Antonio Ligabue. Nato a Zurigo nel 1889 ed espulso vent&#8217;anni dopo dal suo paese, approda a Gualtieri dove incontra, ormai trent&#8217;enne, Romano Marino [&hellip;]<\/p>\n","protected":false},"author":3,"featured_media":4108,"comment_status":"closed","ping_status":"closed","sticky":false,"template":"","format":"standard","meta":{"footnotes":""},"categories":[3,30],"tags":[1909,86,1910,83,1908],"class_list":["post-4106","post","type-post","status-publish","format-standard","has-post-thumbnail","hentry","category-arte-cultura","category-mostre","tag-antonio-ligabue","tag-in-evidenza","tag-romano-marino-mazzacurati","tag-ultimissime","tag-vittoriano"],"_links":{"self":[{"href":"https:\/\/www.farecentronews.com\/index.php?rest_route=\/wp\/v2\/posts\/4106","targetHints":{"allow":["GET"]}}],"collection":[{"href":"https:\/\/www.farecentronews.com\/index.php?rest_route=\/wp\/v2\/posts"}],"about":[{"href":"https:\/\/www.farecentronews.com\/index.php?rest_route=\/wp\/v2\/types\/post"}],"author":[{"embeddable":true,"href":"https:\/\/www.farecentronews.com\/index.php?rest_route=\/wp\/v2\/users\/3"}],"replies":[{"embeddable":true,"href":"https:\/\/www.farecentronews.com\/index.php?rest_route=%2Fwp%2Fv2%2Fcomments&post=4106"}],"version-history":[{"count":4,"href":"https:\/\/www.farecentronews.com\/index.php?rest_route=\/wp\/v2\/posts\/4106\/revisions"}],"predecessor-version":[{"id":4113,"href":"https:\/\/www.farecentronews.com\/index.php?rest_route=\/wp\/v2\/posts\/4106\/revisions\/4113"}],"wp:featuredmedia":[{"embeddable":true,"href":"https:\/\/www.farecentronews.com\/index.php?rest_route=\/wp\/v2\/media\/4108"}],"wp:attachment":[{"href":"https:\/\/www.farecentronews.com\/index.php?rest_route=%2Fwp%2Fv2%2Fmedia&parent=4106"}],"wp:term":[{"taxonomy":"category","embeddable":true,"href":"https:\/\/www.farecentronews.com\/index.php?rest_route=%2Fwp%2Fv2%2Fcategories&post=4106"},{"taxonomy":"post_tag","embeddable":true,"href":"https:\/\/www.farecentronews.com\/index.php?rest_route=%2Fwp%2Fv2%2Ftags&post=4106"}],"curies":[{"name":"wp","href":"https:\/\/api.w.org\/{rel}","templated":true}]}}