{"id":4079,"date":"2016-11-08T11:01:18","date_gmt":"2016-11-08T11:01:18","guid":{"rendered":"http:\/\/www.farecentronews.com\/?p=4079"},"modified":"2016-11-08T11:04:15","modified_gmt":"2016-11-08T11:04:15","slug":"fashion-news-fondazione-furla-e-il-museo-del-novecento","status":"publish","type":"post","link":"https:\/\/www.farecentronews.com\/?p=4079","title":{"rendered":"Fashion News. Fondazione Furla e il Museo del Novecento"},"content":{"rendered":"<p>Si sta delineando il nuovo percorso della <strong>Fondazione Furla<\/strong> per la realizzazione dell&#8217;atteso centro di arte contemporanea milanese, con la direzione artistica di <strong>Peep-Hole<\/strong>. La Fondazione, infatti, ha appena stretto la sua partnership con il <strong>Museo del Novecento<\/strong>, con cui verr\u00e0 organizzato nella stagione 2017-2018 un ciclo di progetti di alcuni tra i pi\u00f9 significativi artisti contemporanei nazionali e internazionali. Il tutto rispecchia una visione inedita per l\u2019Italia: il sodalizio tra un museo pubblico, una fondazione privata e un centro indipendente, alla base del quale c\u2019\u00e8 la volont\u00e0 di farsi promotori tutti insieme di nuovi collaborazioni istituzionali a pi\u00f9 livelli, di condividere expertise e risorse verso un obiettivo comune: arricchire la scena dell\u2019arte contemporanea in Italia. Un crogiuolo di iniziative che uniscono in un solo \u201ccontenitore\u201d passato, presente e futuro. Appuntamento, dunque, a <em>Milano a Settembre 2017<\/em>.<br \/>\n(ph_courtesy of_Thomas Pagani\/Lara Facco Press Office)<br \/>\n<a href=\"http:\/\/www.fondazionefurla.org\" target=\"_blank\">www.fondazionefurla.org<\/a><br \/>\n<strong>Scopri Furla nel Centro di Roma:<\/strong><em><br \/>\n<strong>Furla<\/strong><br \/>\nVia Nazionale, 54<br \/>\nPiazza di Spagna, 22<br \/>\nVia dei Condotti 55\/56\/56a<br \/>\n<a href=\"http:\/\/www.furla.com\/it\" target=\"_blank\">www.furla.com\/it<\/a><\/p>\n","protected":false},"excerpt":{"rendered":"<p>Si sta delineando il nuovo percorso della Fondazione Furla per la realizzazione dell&#8217;atteso centro di arte contemporanea milanese, con la direzione artistica di Peep-Hole. La Fondazione, infatti, ha appena stretto la sua partnership con il Museo del Novecento, con cui verr\u00e0 organizzato nella stagione 2017-2018 un ciclo di progetti di alcuni tra i pi\u00f9 significativi [&hellip;]<\/p>\n","protected":false},"author":7,"featured_media":4082,"comment_status":"open","ping_status":"open","sticky":false,"template":"","format":"standard","meta":{"footnotes":""},"categories":[35,1],"tags":[1900,1902,1901],"class_list":["post-4079","post","type-post","status-publish","format-standard","has-post-thumbnail","hentry","category-fashion-news","category-moda-shopping","tag-fondazione-furla","tag-museo-del-novecento","tag-peep-hole"],"_links":{"self":[{"href":"https:\/\/www.farecentronews.com\/index.php?rest_route=\/wp\/v2\/posts\/4079","targetHints":{"allow":["GET"]}}],"collection":[{"href":"https:\/\/www.farecentronews.com\/index.php?rest_route=\/wp\/v2\/posts"}],"about":[{"href":"https:\/\/www.farecentronews.com\/index.php?rest_route=\/wp\/v2\/types\/post"}],"author":[{"embeddable":true,"href":"https:\/\/www.farecentronews.com\/index.php?rest_route=\/wp\/v2\/users\/7"}],"replies":[{"embeddable":true,"href":"https:\/\/www.farecentronews.com\/index.php?rest_route=%2Fwp%2Fv2%2Fcomments&post=4079"}],"version-history":[{"count":3,"href":"https:\/\/www.farecentronews.com\/index.php?rest_route=\/wp\/v2\/posts\/4079\/revisions"}],"predecessor-version":[{"id":4083,"href":"https:\/\/www.farecentronews.com\/index.php?rest_route=\/wp\/v2\/posts\/4079\/revisions\/4083"}],"wp:featuredmedia":[{"embeddable":true,"href":"https:\/\/www.farecentronews.com\/index.php?rest_route=\/wp\/v2\/media\/4082"}],"wp:attachment":[{"href":"https:\/\/www.farecentronews.com\/index.php?rest_route=%2Fwp%2Fv2%2Fmedia&parent=4079"}],"wp:term":[{"taxonomy":"category","embeddable":true,"href":"https:\/\/www.farecentronews.com\/index.php?rest_route=%2Fwp%2Fv2%2Fcategories&post=4079"},{"taxonomy":"post_tag","embeddable":true,"href":"https:\/\/www.farecentronews.com\/index.php?rest_route=%2Fwp%2Fv2%2Ftags&post=4079"}],"curies":[{"name":"wp","href":"https:\/\/api.w.org\/{rel}","templated":true}]}}