{"id":4072,"date":"2016-11-07T16:58:52","date_gmt":"2016-11-07T16:58:52","guid":{"rendered":"http:\/\/www.farecentronews.com\/?p=4072"},"modified":"2016-11-07T17:00:18","modified_gmt":"2016-11-07T17:00:18","slug":"andrea-morricone-di-padre-in-figlio","status":"publish","type":"post","link":"https:\/\/www.farecentronews.com\/?p=4072","title":{"rendered":"Andrea Morricone: di padre in figlio"},"content":{"rendered":"<p><img loading=\"lazy\" decoding=\"async\" src=\"http:\/\/www.farecentronews.com\/wp-content\/uploads\/2016\/11\/Andrea-Morricone-3-200x300.jpg\" alt=\"andrea-morricone-3\" width=\"200\" height=\"300\" class=\"alignleft size-medium wp-image-4076\" srcset=\"https:\/\/www.farecentronews.com\/wp-content\/uploads\/2016\/11\/Andrea-Morricone-3-200x300.jpg 200w, https:\/\/www.farecentronews.com\/wp-content\/uploads\/2016\/11\/Andrea-Morricone-3.jpg 500w\" sizes=\"auto, (max-width: 200px) 100vw, 200px\" \/><strong>Andrea Morricone<\/strong>, figlio di <strong>Ennio<\/strong>, dedica il concerto dell&#8217;<strong>Auditorium<\/strong> all&#8217;esecuzione di brani suoi e del padre. \u201c<em> L&#8217;inserimento dei brani di mio padre nel programma del concerto<\/em>, \u2013 dice Andrea \u2013 <em>\u00e8 per me un atto d&#8217;amore verso uno dei pi\u00f9 grandi compositori di tutti i tempi, ma anche indicativo del naturale bisogno che io ho di suonarli, cos\u00ec come facevo nella mia adolescenza, e come li sento ora, alla luce delle molteplici stratificazioni che le esperienze umane e musicali hanno generato dentro me<\/em>\u201d. Le composizioni di Andrea Morricone nel loro tocco leggero ed evanescente hanno richiami al <strong>Jazz<\/strong> ed al <strong>Blues<\/strong> alternando lirismo sofisticato a sequenze pi\u00f9 energiche e ricche di pathos, sempre tenendo presente che \u201c <em>il denominatore comune \u00e8 il concetto di Tema che, secondo me, \u00e8 il nucleo di ogni composizione musicale ed elemento portante su cui evocare sentimenti ed emozioni<\/em>\u201d.(ph grande courtesy of MDB)<\/p>\n<p><strong>Sabato 12 novembre 2016 ore 21<\/strong><em><br \/>\n<strong>Sala Petrassi<\/strong><br \/>\n<strong>Auditorium Parco della Musica<\/strong><br \/>\n<em>viale P. de Coubertin30 \u2013 00196 Roma<\/em><br \/>\nBiglietto: posto unico \u20ac 15,00<br \/>\ninfoline: 0680241281<\/p>\n","protected":false},"excerpt":{"rendered":"<p>Andrea Morricone, figlio di Ennio, dedica il concerto dell&#8217;Auditorium all&#8217;esecuzione di brani suoi e del padre. \u201c L&#8217;inserimento dei brani di mio padre nel programma del concerto, \u2013 dice Andrea \u2013 \u00e8 per me un atto d&#8217;amore verso uno dei pi\u00f9 grandi compositori di tutti i tempi, ma anche indicativo del naturale bisogno che io [&hellip;]<\/p>\n","protected":false},"author":3,"featured_media":4074,"comment_status":"open","ping_status":"open","sticky":false,"template":"","format":"standard","meta":{"footnotes":""},"categories":[32,5],"tags":[1897,77,1898,239,86,1447,1899],"class_list":["post-4072","post","type-post","status-publish","format-standard","has-post-thumbnail","hentry","category-concerti","category-musica-spettacolo","tag-andrea-morricone","tag-auditorium-parco-della-musica","tag-blues","tag-carlo-valenti","tag-in-evidenza","tag-jazz","tag-ultimisime"],"_links":{"self":[{"href":"https:\/\/www.farecentronews.com\/index.php?rest_route=\/wp\/v2\/posts\/4072","targetHints":{"allow":["GET"]}}],"collection":[{"href":"https:\/\/www.farecentronews.com\/index.php?rest_route=\/wp\/v2\/posts"}],"about":[{"href":"https:\/\/www.farecentronews.com\/index.php?rest_route=\/wp\/v2\/types\/post"}],"author":[{"embeddable":true,"href":"https:\/\/www.farecentronews.com\/index.php?rest_route=\/wp\/v2\/users\/3"}],"replies":[{"embeddable":true,"href":"https:\/\/www.farecentronews.com\/index.php?rest_route=%2Fwp%2Fv2%2Fcomments&post=4072"}],"version-history":[{"count":4,"href":"https:\/\/www.farecentronews.com\/index.php?rest_route=\/wp\/v2\/posts\/4072\/revisions"}],"predecessor-version":[{"id":4078,"href":"https:\/\/www.farecentronews.com\/index.php?rest_route=\/wp\/v2\/posts\/4072\/revisions\/4078"}],"wp:featuredmedia":[{"embeddable":true,"href":"https:\/\/www.farecentronews.com\/index.php?rest_route=\/wp\/v2\/media\/4074"}],"wp:attachment":[{"href":"https:\/\/www.farecentronews.com\/index.php?rest_route=%2Fwp%2Fv2%2Fmedia&parent=4072"}],"wp:term":[{"taxonomy":"category","embeddable":true,"href":"https:\/\/www.farecentronews.com\/index.php?rest_route=%2Fwp%2Fv2%2Fcategories&post=4072"},{"taxonomy":"post_tag","embeddable":true,"href":"https:\/\/www.farecentronews.com\/index.php?rest_route=%2Fwp%2Fv2%2Ftags&post=4072"}],"curies":[{"name":"wp","href":"https:\/\/api.w.org\/{rel}","templated":true}]}}